{"id":40275,"date":"2014-04-30T03:27:13","date_gmt":"2014-04-30T03:27:13","guid":{"rendered":null},"modified":"-0001-11-30T00:00:00","modified_gmt":"-0001-11-30T00:00:00","slug":"health-reduces-to-622-percent-the-tracking-of-the-strike-called-by-afem-on-evening-shift","status":"publish","type":"post","link":"https:\/\/www.best-dentist-dentistry.com\/de\/health-reduces-to-622-percent-the-tracking-of-the-strike-called-by-afem-on-evening-shift\/40275","title":{"rendered":"health reduces to 622 percent the tracking of the strike called by afem on evening shift"},"content":{"rendered":"<p class=\"first\"> MADRID, 10 (EUROPA PRESS)<\/p>\n<p>Im Ministerium der Gesundheit der Gemeinschaft von Madrid hat auf 6,22 Prozent reduziert, die Verfolgung des Streiks der Sp\u00e4tschicht mit einen h\u00f6heren Einfluss auf die Krankenh\u00e4user durch die Assoziation von \u00c4rzte Spezialisten aus Madrid (Afem) fordert.<\/p>\n<p>A Department Sprecher Javier Fern\u00e1ndez-Fuenlabrada Regie darauf hingewiesen hat, dass \u00fcberwachen in der Prim\u00e4rversorgung in der Abendschicht von 4,56 Prozent gegen die 9,72 in Krankenh\u00e4usern wurde und dass der Durchschnitt bei 6,22 Prozent liegt, 4,82 Punkte niedriger als in den letzten Tagen des Streiks von Afem am 3. Dezember aufgerufen.<\/p>\n<p>Tags\u00fcber l\u00f6st das Gesundheitsministerium die Folgema\u00dfnahmen auf 20.19 Prozent, 4,72 Punkte Unterst\u00fctzung registriert am letzten Tag des 3. Dezember, um so h\u00f6her in Krankenh\u00e4usern (26.65 Prozent), die von der Beratung in der Prim\u00e4rversorgung (4.39 %), Europa Press gezeigt haben.<\/p>\n","protected":false},"excerpt":{"rendered":"<p>MADRID, 10 (EUROPA PRESS) Im Ministerium der Gesundheit der Gemeinschaft von Madrid hat auf 6,22 Prozent reduziert, die Verfolgung des Streiks der Sp\u00e4tschicht mit einen h\u00f6heren Einfluss auf die Krankenh\u00e4user durch die Assoziation von \u00c4rzte Spezialisten aus Madrid (Afem) fordert. A Department Sprecher Javier Fern\u00e1ndez-Fuenlabrada Regie darauf hingewiesen hat, dass \u00fcberwachen in der Prim\u00e4rversorgung in [&hellip;]<\/p>\n","protected":false},"author":1,"featured_media":0,"comment_status":"close","ping_status":"open","sticky":false,"template":"","format":"standard","meta":{"footnotes":""},"categories":[3],"tags":[],"class_list":["post-40275","post","type-post","status-publish","format-standard","hentry","category-allgemeine","et-doesnt-have-format-content","et_post_format-et-post-format-standard"],"_links":{"self":[{"href":"https:\/\/www.best-dentist-dentistry.com\/de\/wp-json\/wp\/v2\/posts\/40275","targetHints":{"allow":["GET"]}}],"collection":[{"href":"https:\/\/www.best-dentist-dentistry.com\/de\/wp-json\/wp\/v2\/posts"}],"about":[{"href":"https:\/\/www.best-dentist-dentistry.com\/de\/wp-json\/wp\/v2\/types\/post"}],"author":[{"embeddable":true,"href":"https:\/\/www.best-dentist-dentistry.com\/de\/wp-json\/wp\/v2\/users\/1"}],"replies":[{"embeddable":true,"href":"https:\/\/www.best-dentist-dentistry.com\/de\/wp-json\/wp\/v2\/comments?post=40275"}],"version-history":[{"count":0,"href":"https:\/\/www.best-dentist-dentistry.com\/de\/wp-json\/wp\/v2\/posts\/40275\/revisions"}],"wp:attachment":[{"href":"https:\/\/www.best-dentist-dentistry.com\/de\/wp-json\/wp\/v2\/media?parent=40275"}],"wp:term":[{"taxonomy":"category","embeddable":true,"href":"https:\/\/www.best-dentist-dentistry.com\/de\/wp-json\/wp\/v2\/categories?post=40275"},{"taxonomy":"post_tag","embeddable":true,"href":"https:\/\/www.best-dentist-dentistry.com\/de\/wp-json\/wp\/v2\/tags?post=40275"}],"curies":[{"name":"wp","href":"https:\/\/api.w.org\/{rel}","templated":true}]}}