{"id":40300,"date":"2014-04-30T03:35:53","date_gmt":"2014-04-30T03:35:53","guid":{"rendered":null},"modified":"-0001-11-30T00:00:00","modified_gmt":"-0001-11-30T00:00:00","slug":"advisor-to-rousseff-traveled-to-cuba-for-the-health-of-chavez","status":"publish","type":"post","link":"https:\/\/www.best-dentist-dentistry.com\/de\/advisor-to-rousseff-traveled-to-cuba-for-the-health-of-chavez\/40300","title":{"rendered":"Berater f\u00fcr Rousseff reiste nach Kuba f\u00fcr die Gesundheit von Chavez"},"content":{"rendered":"<p class=\"first\"> Sao Paulo, 4 Jan (EFE).-der Sonderberater f\u00fcr internationale Angelegenheiten der Pr\u00e4sidentschaft von Brasilien, Marco Aurelio Garc\u00eda, nach Kuba eines Tages reiste erfahren Sie \u00fcber die Gesundheit des venezolanischen Pr\u00e4sidenten Hugo Ch\u00e1vez, sagte heute der brasilianischen staatlichen Agentur.<\/p>\n<p>Garcia reiste nach Havanna zu einem aus Mexiko, wo er war, im Urlaub, und w\u00e4hrend seines Aufenthalts in Havanna trafen sich mit venezolanischen Beh\u00f6rden, die Chavez zu begleiten, nicht festgelegten Datum nach Brasilien Agencia.<\/p>\n<p>Nach seinem kurzen Besuch in Kuba nach Mexiko zur\u00fcck und am kommenden Montag ihre Pflichten beendet.<\/p>\n<p>Nach Angaben der Berater rief Au\u00dfenminister Antonio Patriota, ihn von seinem Besuch zu informieren, aber die brasilianische Regierung nicht verraten Details \u00fcber Garcia interview mit venezolanischen Beh\u00f6rden.<\/p>\n<p>Garcia ist ein Mitglied der brasilianischen Regierung Chavez und der venezolanische Vizepr\u00e4sident, Nicol\u00e1s Maduro.<\/p>\n<p>Chavez, 58 Jahre alten und seit 1999 in Kraft, wurde am 11. Dezember in Kuba betrieben, denn zum vierte Mal seit Juni 2011 ein Krebs diagnostiziert wurde, dessen Charakter wurde nicht berichtet.<\/p>\n<p>Nach dieser letzten Vorgang pr\u00e4sentierten verschiedene Komplikationen f\u00fcr was immer noch in Havanna im Krankenhaus ist bei Fehlen von weniger als einer Woche bis heute &#8211; 10 Januar &#8211; muss davon ausgehen, eine neue Amtszeit von sechs Jahren. EFE<\/p>\n","protected":false},"excerpt":{"rendered":"<p>Sao Paulo, 4 Jan (EFE).-der Sonderberater f\u00fcr internationale Angelegenheiten der Pr\u00e4sidentschaft von Brasilien, Marco Aurelio Garc\u00eda, nach Kuba eines Tages reiste erfahren Sie \u00fcber die Gesundheit des venezolanischen Pr\u00e4sidenten Hugo Ch\u00e1vez, sagte heute der brasilianischen staatlichen Agentur. Garcia reiste nach Havanna zu einem aus Mexiko, wo er war, im Urlaub, und w\u00e4hrend seines Aufenthalts in [&hellip;]<\/p>\n","protected":false},"author":1,"featured_media":0,"comment_status":"close","ping_status":"open","sticky":false,"template":"","format":"standard","meta":{"footnotes":""},"categories":[3],"tags":[48515],"class_list":["post-40300","post","type-post","status-publish","format-standard","hentry","category-allgemeine","tag-eupv","et-doesnt-have-format-content","et_post_format-et-post-format-standard"],"_links":{"self":[{"href":"https:\/\/www.best-dentist-dentistry.com\/de\/wp-json\/wp\/v2\/posts\/40300","targetHints":{"allow":["GET"]}}],"collection":[{"href":"https:\/\/www.best-dentist-dentistry.com\/de\/wp-json\/wp\/v2\/posts"}],"about":[{"href":"https:\/\/www.best-dentist-dentistry.com\/de\/wp-json\/wp\/v2\/types\/post"}],"author":[{"embeddable":true,"href":"https:\/\/www.best-dentist-dentistry.com\/de\/wp-json\/wp\/v2\/users\/1"}],"replies":[{"embeddable":true,"href":"https:\/\/www.best-dentist-dentistry.com\/de\/wp-json\/wp\/v2\/comments?post=40300"}],"version-history":[{"count":0,"href":"https:\/\/www.best-dentist-dentistry.com\/de\/wp-json\/wp\/v2\/posts\/40300\/revisions"}],"wp:attachment":[{"href":"https:\/\/www.best-dentist-dentistry.com\/de\/wp-json\/wp\/v2\/media?parent=40300"}],"wp:term":[{"taxonomy":"category","embeddable":true,"href":"https:\/\/www.best-dentist-dentistry.com\/de\/wp-json\/wp\/v2\/categories?post=40300"},{"taxonomy":"post_tag","embeddable":true,"href":"https:\/\/www.best-dentist-dentistry.com\/de\/wp-json\/wp\/v2\/tags?post=40300"}],"curies":[{"name":"wp","href":"https:\/\/api.w.org\/{rel}","templated":true}]}}