{"id":40311,"date":"2014-04-30T03:46:18","date_gmt":"2014-04-30T03:46:18","guid":{"rendered":null},"modified":"-0001-11-30T00:00:00","modified_gmt":"-0001-11-30T00:00:00","slug":"the-personnel-board-of-the-area-of-health-valladolid-this-warned-of-irregularities-in-the-application-of-day","status":"publish","type":"post","link":"https:\/\/www.best-dentist-dentistry.com\/de\/the-personnel-board-of-the-area-of-health-valladolid-this-warned-of-irregularities-in-the-application-of-day\/40311","title":{"rendered":"the personnel board of the area of health valladolid this warned of irregularities in the application of day"},"content":{"rendered":"<p class=\"first\"> VALLADOLID, 26 (EUROPA PRESS)<\/p>\n<p>The Board des Personals im Bereich der Gesundheit Valladolid diese Lieferung heute der Gesundheit Berater von Castilla y Le\u00f3n, Antonio S\u00e1ez Aguado, eine Schrift, die &#8220;Unregelm\u00e4\u00dfigkeiten und vergleichende Beschwerden&#8221; bei der Umsetzung der Zunahme der Arbeitstag Arbeitnehmer in diesem Bereich highlights.<\/p>\n<p>Als Satse berichtet in einer Erkl\u00e4rung, die Schrift ist mehr als vier Monate nach haben die Situation der regionalen Gesundheitsmanagement &#8220;ohne eine befriedigende Antwort erh\u00e4lt&#8221; denunziert dargestellt.<\/p>\n<p>Dar\u00fcber hinaus gebeten, Berater die Reise in den Osten Bereich Valladolid beide in Prim\u00e4r- und spezialisierte Pflege anzuwenden.<\/p>\n<p>Brief, dessen Zeremonie findet um 12.00 Uhr in der Zentrale des Ministeriums f\u00fcr Gesundheit, die Board-Mitarbeiter berichten, dass im Bereich der Gesundheit Valladolid sind dies die &#8220;Unregelm\u00e4\u00dfigkeiten&#8221; produzieren seit der Umsetzung der Erh\u00f6hung der Arbeitszeit auf 37,5 Stunden pro Woche und das mitgeteilt wurden den Managern des Bereichs &#8220;mehrmals&#8221; ohne eine R\u00fcckmeldung zu erhalten, durch welche die 11 November 2012 auch regionale Gesundheitsmanagement mitgeteilt wurden. Trotzdem nach dem Personal-Board, solche Unregelm\u00e4\u00dfigkeiten sind weiter begehen.<\/p>\n<p>Dar\u00fcber hinaus entsprechend den gleichen Quellen, datiert 28. Januar 2013, das Personal Board erhielt einen Brief vom Generaldirektor der technischen Humanressourcen, Esperanza V\u00e1zquez, &#8211; fast drei Monate nach der Brief an die Regional Manager f\u00fcr Gesundheit-die sagte dem Vorstand, dass seine Gespr\u00e4chspartner der Manager des Gesundheitszustands der Bereiche ist, weil &#8220;es erlaubt&#8221;, von seiner Unmittelbarkeit, man effektiver Probleme, die entstehen k\u00f6nnen&#8221;.<\/p>\n<p>\u2014 &#8220;, Nicht zu l\u00f6sen nichts in fast drei Monaten&#8221;, finden Sie in der Personal-Vorstand f\u00fcr das Management der Bereiche der Gesundheit &#8220;mit Fragen, Unmittelbarkeit und Wirksamkeit resolve&#8221;.<\/p>\n<p>Aufgrund der Schwere des Problems, das Personal Board fragte dieses Schreiben an den Minister f\u00fcr Gesundheit, die die Regel \u00fcber die Einrichtung, die Informationen, die Ver\u00f6ffentlichung und die Anwendung der Arbeitsplan, einzelne Mitarbeiter, Arbeitstag und Einhaltung der zus\u00e4tzliche, &#8220;homogen und ausgewogen&#8221; Weg f\u00fcr die Mitarbeiter der verschiedenen Kategorien von diesem Bereich der Gesundheit gilt.<\/p>\n","protected":false},"excerpt":{"rendered":"<p>VALLADOLID, 26 (EUROPA PRESS) The Board des Personals im Bereich der Gesundheit Valladolid diese Lieferung heute der Gesundheit Berater von Castilla y Le\u00f3n, Antonio S\u00e1ez Aguado, eine Schrift, die &#8220;Unregelm\u00e4\u00dfigkeiten und vergleichende Beschwerden&#8221; bei der Umsetzung der Zunahme der Arbeitstag Arbeitnehmer in diesem Bereich highlights. Als Satse berichtet in einer Erkl\u00e4rung, die Schrift ist mehr [&hellip;]<\/p>\n","protected":false},"author":1,"featured_media":0,"comment_status":"close","ping_status":"open","sticky":false,"template":"","format":"standard","meta":{"footnotes":""},"categories":[3],"tags":[],"class_list":["post-40311","post","type-post","status-publish","format-standard","hentry","category-allgemeine","et-doesnt-have-format-content","et_post_format-et-post-format-standard"],"_links":{"self":[{"href":"https:\/\/www.best-dentist-dentistry.com\/de\/wp-json\/wp\/v2\/posts\/40311","targetHints":{"allow":["GET"]}}],"collection":[{"href":"https:\/\/www.best-dentist-dentistry.com\/de\/wp-json\/wp\/v2\/posts"}],"about":[{"href":"https:\/\/www.best-dentist-dentistry.com\/de\/wp-json\/wp\/v2\/types\/post"}],"author":[{"embeddable":true,"href":"https:\/\/www.best-dentist-dentistry.com\/de\/wp-json\/wp\/v2\/users\/1"}],"replies":[{"embeddable":true,"href":"https:\/\/www.best-dentist-dentistry.com\/de\/wp-json\/wp\/v2\/comments?post=40311"}],"version-history":[{"count":0,"href":"https:\/\/www.best-dentist-dentistry.com\/de\/wp-json\/wp\/v2\/posts\/40311\/revisions"}],"wp:attachment":[{"href":"https:\/\/www.best-dentist-dentistry.com\/de\/wp-json\/wp\/v2\/media?parent=40311"}],"wp:term":[{"taxonomy":"category","embeddable":true,"href":"https:\/\/www.best-dentist-dentistry.com\/de\/wp-json\/wp\/v2\/categories?post=40311"},{"taxonomy":"post_tag","embeddable":true,"href":"https:\/\/www.best-dentist-dentistry.com\/de\/wp-json\/wp\/v2\/tags?post=40311"}],"curies":[{"name":"wp","href":"https:\/\/api.w.org\/{rel}","templated":true}]}}