{"id":40359,"date":"2014-04-30T04:27:18","date_gmt":"2014-04-30T04:27:18","guid":{"rendered":null},"modified":"-0001-11-30T00:00:00","modified_gmt":"-0001-11-30T00:00:00","slug":"cifuentes-and-bottle-support-the-gonzalez-decision-on-health","status":"publish","type":"post","link":"https:\/\/www.best-dentist-dentistry.com\/de\/cifuentes-and-bottle-support-the-gonzalez-decision-on-health\/40359","title":{"rendered":"cifuentes and bottle support the gonzalez decision on health"},"content":{"rendered":"<p>&lt;!-Google_ad_section_start&#8211;> <\/p>\n<p class=\"first\"> Madrid, 28 Jan (EFE).-der Delegat der Regierung in Madrid, Cristina Cifuentes und der B\u00fcrgermeister der Hauptstadt, Ana Botella, bef\u00fcrworteten heute \u00f6ffentlich und Unisono f\u00fcr die Entscheidung des regionalen Pr\u00e4sidenten Ignacio Gonz\u00e1lez l\u00e4hmen die Auslagerung der Verwaltung der sechs \u00f6ffentlichen Krankenh\u00e4usern.<\/p>\n<p>Getan haben in einer Pressekonferenz nach der Sitzung den Vorstand und den Sicherheitsrat Madrid vorsitzen, wo gute Daten in Bezug auf Kriminalit\u00e4t hervorgehoben haben und haben deutlich gemacht, dass die Zusammenarbeit zwischen den Sicherheitskr\u00e4ften und die Notlage der beiden Verwaltungen.<\/p>\n<p>Cifuentes, der sagte, dass &#8220;\u00fcberhaupt&#8221; man von einer Krise der PP in Madrid von Themen wie, und den daraus resultierenden R\u00fccktritt des Ministers f\u00fcr Gesundheit, Javier Fern\u00e1ndez Lasquetty sprechen kann, darauf hingewiesen, dass der Pr\u00e4sident-Gonz\u00e1lez &#8220;\u00fcber den Umfang ihrer jeweiligen Zust\u00e4ndigkeiten entschieden hat&#8221;.<\/p>\n<p>&#8220;Ich respektiere jede Entscheidung der Regierung der Gemeinschaft von Madrid in die Nutzung ihrer Kr\u00e4fte,&#8221; sagte der Delegat, wer hat darauf hingewiesen, dass obwohl der Landesvorstand &#8220;beschlossen hat, die Uhr zur\u00fcckdrehen und seinen Anspruch auf die Verwaltung bestimmter Services Krankenh\u00e4user privatisieren aufgeben&#8221;, d. h. &#8220;eine Form der gemeinsamen Verwaltung der Krankenh\u00e4user in anderen Gemeinschaften&#8221;, zum Beispiel in Andalusien.<\/p>\n<p>Zur gleichen Zeit, Ana Botella teilte mit, dass &#8220;Die Regierung der Gemeinschaft beschlossen hat, diese Idee aufzugeben&#8221; und kann sie nicht &#8220;anstatt die Entscheidung zu unterst\u00fctzen&#8221; und sagen, dass &#8220;der Berater hat ein Beispiel des Verhaltens, die ihn Ehren&#8221;.<\/p>\n<p>&#8220;Es war ein super-Gesundheit-Ratgeber, Reformen zu Zeit Madrid Gesundheit, Nachhaltigkeit, die ausgezeichnet ist beworben hat&#8221;, sagte der B\u00fcrgermeister.<\/p>\n<p>Auf der anderen Seite als Antwort auf eine Frage, die Sie erw\u00e4hnt die Entt\u00e4uschung \u00fcber die ausgel\u00f6st und die Olympischen Spiele in Bezug auf die Lage der Stadt, Flasche hat meinte, dass &#8220;es immer scheint, dass wir wollen, dass Madrid im Schwinden begriffen ist&#8221;.<\/p>\n<p>Madrid Stadtrat glaubt, dass &#8220;es etwas Interesse zeigen, dass bestimmte Niedergang&#8221; Wenn aus seiner Sicht &#8220;alles Daten&#8221; Madrid &#8220;sind ohne Zweifel das beste von ganz Spanien&#8221;.<\/p>\n<p>In diesem Sinne hat darauf hingewiesen, dass die Arbeitslosigkeit in Madrid unterh\u00e4lt sieben Prozentpunkte weniger als im nationalen Durchschnitt, obwohl er anerkannt noch &#8220;eine schreckliche Tatsachen sind&#8221;.<\/p>\n<p>Hat auch betont, dass &#8220;Investoren wollen im Grunde nach Madrid zu kommen&#8221;, &#8220;One in 12 Unternehmen im Jahr 2013 entstanden in Madrid&#8221;, erhielt die Stadt &#8220;mehr als 600.000 Touristen&#8221; Umkehrung der Trend nach unten aus den Vormonaten im Dezember und die Wette Rathaus f\u00fcr &#8220;helfende Unternehmer&#8221; und bietet &#8220;das gr\u00f6\u00dfte Netzwerk von Kinderg\u00e4rten in Spanien&#8221;.<\/p>\n<p>&#8220;viele wirtschaftliche Daten dieser Stadt und dieser Gemeinschaft &#8211; zusammengefasst &#8211; die sicherlich zur\u00fcckkehren werden, um der Motor des Wirtschaftsaufschwungs in Spanien zu sein&#8221;.<\/p>\n<p>&lt;!-Google_ad_section_end&#8211;><\/p>\n","protected":false},"excerpt":{"rendered":"<p>&lt;!-Google_ad_section_start&#8211;> Madrid, 28 Jan (EFE).-der Delegat der Regierung in Madrid, Cristina Cifuentes und der B\u00fcrgermeister der Hauptstadt, Ana Botella, bef\u00fcrworteten heute \u00f6ffentlich und Unisono f\u00fcr die Entscheidung des regionalen Pr\u00e4sidenten Ignacio Gonz\u00e1lez l\u00e4hmen die Auslagerung der Verwaltung der sechs \u00f6ffentlichen Krankenh\u00e4usern. Getan haben in einer Pressekonferenz nach der Sitzung den Vorstand und den Sicherheitsrat Madrid [&hellip;]<\/p>\n","protected":false},"author":1,"featured_media":0,"comment_status":"close","ping_status":"open","sticky":false,"template":"","format":"standard","meta":{"footnotes":""},"categories":[3],"tags":[48574],"class_list":["post-40359","post","type-post","status-publish","format-standard","hentry","category-allgemeine","tag-effizienzmanahmen","et-doesnt-have-format-content","et_post_format-et-post-format-standard"],"_links":{"self":[{"href":"https:\/\/www.best-dentist-dentistry.com\/de\/wp-json\/wp\/v2\/posts\/40359","targetHints":{"allow":["GET"]}}],"collection":[{"href":"https:\/\/www.best-dentist-dentistry.com\/de\/wp-json\/wp\/v2\/posts"}],"about":[{"href":"https:\/\/www.best-dentist-dentistry.com\/de\/wp-json\/wp\/v2\/types\/post"}],"author":[{"embeddable":true,"href":"https:\/\/www.best-dentist-dentistry.com\/de\/wp-json\/wp\/v2\/users\/1"}],"replies":[{"embeddable":true,"href":"https:\/\/www.best-dentist-dentistry.com\/de\/wp-json\/wp\/v2\/comments?post=40359"}],"version-history":[{"count":0,"href":"https:\/\/www.best-dentist-dentistry.com\/de\/wp-json\/wp\/v2\/posts\/40359\/revisions"}],"wp:attachment":[{"href":"https:\/\/www.best-dentist-dentistry.com\/de\/wp-json\/wp\/v2\/media?parent=40359"}],"wp:term":[{"taxonomy":"category","embeddable":true,"href":"https:\/\/www.best-dentist-dentistry.com\/de\/wp-json\/wp\/v2\/categories?post=40359"},{"taxonomy":"post_tag","embeddable":true,"href":"https:\/\/www.best-dentist-dentistry.com\/de\/wp-json\/wp\/v2\/tags?post=40359"}],"curies":[{"name":"wp","href":"https:\/\/api.w.org\/{rel}","templated":true}]}}