{"id":40399,"date":"2014-04-30T04:38:41","date_gmt":"2014-04-30T04:38:41","guid":{"rendered":null},"modified":"-0001-11-30T00:00:00","modified_gmt":"-0001-11-30T00:00:00","slug":"psoe-said-that-the-dismantlement-of-the-h-of-laredo-was-a-disastrous-consequence-of-the-contract-of-valdecilla","status":"publish","type":"post","link":"https:\/\/www.best-dentist-dentistry.com\/de\/psoe-said-that-the-dismantlement-of-the-h-of-laredo-was-a-disastrous-consequence-of-the-contract-of-valdecilla\/40399","title":{"rendered":"psoe said that the dismantlement of the h of laredo was a disastrous consequence of the contract of valdecilla"},"content":{"rendered":"<p>&lt;!-Google_ad_section_start&#8211;> <\/p>\n<p class=\"first\"> Diaz Tezanos, zog nach dem Personal an Bord die &#8220;Ablehnung&#8221; der PSOE auf die Forderung der Regierung der PP<\/p>\n<p>LAREDO, 28 (EUROPA PRESS)<\/p>\n<p>-Generalsekret\u00e4r und parlamentarischer Sprecher der PSC-PSOE, Eva D\u00edaz Tezanos, betonte Freitag, dass die &rsquo;&rsquo; Demontage &rsquo;&rsquo; Dienstleistungen auf das Krankenhaus Laredo &#8220;katastrophalen Folgen&#8221; z\u00e4hlt die hat Valdecilla-Public-Private-Partnership-Vertrag f\u00fcr die Qualit\u00e4t der medizinischen Versorgung in der Region.<\/p>\n<p>Der F\u00fchrer der PSC-PSOE unterh\u00e4lt am Freitag ein Treffen mit Vertretern des Personals Vorstand Krankenhaus von Laredo, hat &#8220;die Sorge, sie haben gemeinsam&#8221; durch die Zentralisierung bestimmter Dienstleistungen in Valdecilla.<\/p>\n<p>Auch hat sie &rsquo;Weigerung Front&rsquo; der PSOE auf verschoben die Behauptung der Regierung der PP von &#8220;Abbau&#8221; Dienste in Krankenh\u00e4usern, weil &#8220;mit dieser Abbau diejenigen, die behindert sind Benutzer des Gesundheitssystems sind&#8221;, sagte er.<\/p>\n<p>Auf der Tagung h\u00e4tte auch das Sekretariat f\u00fcr Sozialpolitik und Gesundheit von der PSC &#8211; PSOE, pr\u00e4sentieren Puerto Gallego, der Sekret\u00e4r der Organisation, Javier Incera sowie Vertreter sozialistischen von Laredo.<\/p>\n<p>Zus\u00e4tzlich zu den Antr\u00e4gen eingebracht durch die sozialistischen Gruppen in den Gemeinden des \u00f6stlichen Teils des Gebietes, Diaz Tezanos informierte das Personal Board der Sozialistischen Fraktion dauert eine Initiative, um das Plenum des Parlaments Kantabrien am 7. April, in denen behinderte Gesundheit Ratgeber, Mar\u00eda Jos\u00e9 S\u00e1enz de Buruaga, Prognosen \u00fcber die Regierung in Bezug auf die Konzentration der Valdecilla Krankenhaus von Laredo Service.<\/p>\n<p>Diaz Tezanos darauf hingewiesen, dass die Zentralisierung von Services in der Spezifikation der \u00f6ffentlich-privaten Vertrag Valdecilla enthalten ist und, dass diese Ma\u00dfnahme bestritten hat &#8220;mit sparen zu tun hat oder Effizienz&#8221;.<\/p>\n<p>&#8220;Sie k\u00f6nnen sagen, dass diese Entscheidung durch das Ziel der Effizienz, da das Krankenhaus Laredo eine der effizientesten ist im Land. Diese Ma\u00dfnahme soll Effizienz, noch soll zur Verbesserung der Versorgung f\u00fcr die Patienten, sondern versteckte Wirtschaftsinteressen, &#8220;sagte sie.<\/p>\n<p>Nach der PSOE dieser Zentralisierung von Services &#8220;behindern die Wirksamkeit und die Geschwindigkeit&#8221; sie und &#8220;Schaden f\u00fcr die Patienten und Angeh\u00f6rigen der Heilberufe&#8221;, die Zeit in den Ergebnissen zu erh\u00f6hen und die Kommunikation mit dem Labor zu beseitigen, wie von den Arbeitern des Zentrums \u00fcbergeben.<\/p>\n<p>Diaz Tezanos hat davor gewarnt, dass diese Zentralisierung, die &#8220;direkt beeintr\u00e4chtigen w\u00fcrde sch\u00e4tzungsweise 120.000 Menschen&#8221;, geh\u00f6rt zu den &#8220;Abbau der PP und der Pr\u00e4sident der Regierung, Diego Ignacio, mit der Gesundheit unserer Region durchgef\u00fchrt&#8221;.<\/p>\n<p>In dieser Zeile der Sozialistenf\u00fchrer beschuldigte die PP &#8220;Kantabrischen Gesundheit um das Gesch\u00e4ft mit der Gesundheit der B\u00fcrger zu privatisieren zu wollen&#8221;. &#8220;Es ist das Modell der PP, ein Modell, das die Gesundheit und die Gesundheit der B\u00fcrger als eine lukrative Gesch\u00e4ftsm\u00f6glichkeit, sondern als einen vorrangigen \u00f6ffentlichen Dienst sieht&#8221;, hat eine Apostille.<\/p>\n<p>Jedoch, wie vor der privaten Vertrag von Valdecilla, davon aus, dass &#8220;Die PSOE Kampf geben um Krankenh\u00e4user zu verhindern, wie z. B. die Laredo abgewrackt werden&#8221;.<\/p>\n<p>&lt;!-Google_ad_section_end&#8211;><\/p>\n","protected":false},"excerpt":{"rendered":"<p>&lt;!-Google_ad_section_start&#8211;> Diaz Tezanos, zog nach dem Personal an Bord die &#8220;Ablehnung&#8221; der PSOE auf die Forderung der Regierung der PP LAREDO, 28 (EUROPA PRESS) -Generalsekret\u00e4r und parlamentarischer Sprecher der PSC-PSOE, Eva D\u00edaz Tezanos, betonte Freitag, dass die &rsquo;&rsquo; Demontage &rsquo;&rsquo; Dienstleistungen auf das Krankenhaus Laredo &#8220;katastrophalen Folgen&#8221; z\u00e4hlt die hat Valdecilla-Public-Private-Partnership-Vertrag f\u00fcr die Qualit\u00e4t der [&hellip;]<\/p>\n","protected":false},"author":1,"featured_media":0,"comment_status":"close","ping_status":"open","sticky":false,"template":"","format":"standard","meta":{"footnotes":""},"categories":[3],"tags":[48616],"class_list":["post-40399","post","type-post","status-publish","format-standard","hentry","category-allgemeine","tag-zentralisierung","et-doesnt-have-format-content","et_post_format-et-post-format-standard"],"_links":{"self":[{"href":"https:\/\/www.best-dentist-dentistry.com\/de\/wp-json\/wp\/v2\/posts\/40399","targetHints":{"allow":["GET"]}}],"collection":[{"href":"https:\/\/www.best-dentist-dentistry.com\/de\/wp-json\/wp\/v2\/posts"}],"about":[{"href":"https:\/\/www.best-dentist-dentistry.com\/de\/wp-json\/wp\/v2\/types\/post"}],"author":[{"embeddable":true,"href":"https:\/\/www.best-dentist-dentistry.com\/de\/wp-json\/wp\/v2\/users\/1"}],"replies":[{"embeddable":true,"href":"https:\/\/www.best-dentist-dentistry.com\/de\/wp-json\/wp\/v2\/comments?post=40399"}],"version-history":[{"count":0,"href":"https:\/\/www.best-dentist-dentistry.com\/de\/wp-json\/wp\/v2\/posts\/40399\/revisions"}],"wp:attachment":[{"href":"https:\/\/www.best-dentist-dentistry.com\/de\/wp-json\/wp\/v2\/media?parent=40399"}],"wp:term":[{"taxonomy":"category","embeddable":true,"href":"https:\/\/www.best-dentist-dentistry.com\/de\/wp-json\/wp\/v2\/categories?post=40399"},{"taxonomy":"post_tag","embeddable":true,"href":"https:\/\/www.best-dentist-dentistry.com\/de\/wp-json\/wp\/v2\/tags?post=40399"}],"curies":[{"name":"wp","href":"https:\/\/api.w.org\/{rel}","templated":true}]}}