{"id":40413,"date":"2014-06-14T02:21:48","date_gmt":"2014-06-14T02:21:48","guid":{"rendered":null},"modified":"-0001-11-30T00:00:00","modified_gmt":"-0001-11-30T00:00:00","slug":"minister-says-that-medical-equipment-is-convinced-chavez-recovery","status":"publish","type":"post","link":"https:\/\/www.best-dentist-dentistry.com\/de\/minister-says-that-medical-equipment-is-convinced-chavez-recovery\/40413","title":{"rendered":"Minister sagt, dass medizinischer Ger\u00e4te \u00fcberzeugt Ch\u00e1vez Erholung ist"},"content":{"rendered":"<p class=\"first\"> Caracas, 17 M\u00e4r (EFE).-der Gesundheitsminister von Venezuela, Eugenia Sader, heute sagte Efe, dass Pr\u00e4sident Hugo Ch\u00e1vez wird durch ein &#8220;interdisziplin\u00e4res Team&#8221; wer \u00fcberzeugt ist, dass der Pr\u00e4sident wird das Rezidiv des Krebses zu \u00fcbertreffen, er wurde wieder letzten 26. Februar in Havanna betrieben behandelt.<\/p>\n<p>Ch\u00e1vez behandelt wird f\u00fcr &#8220;ein multidisziplin\u00e4res Team, mit denen wir zusammen arbeiten&#8221;, sagte Sader Substantive Spezialit\u00e4ten oder die L\u00e4nder, aus denen sich das Team von Galenos.<\/p>\n<p>&#8220;Wir sind alle Versicherungen, medizinische und nichtmedizinische, da\u00df er \u00fcberwindet diese Schlacht wie es gezeigt hat&#8221;, der Minister fort.<\/p>\n<p>Der Pr\u00e4sident gestern kehrte nach Venezuela nach drei Wochen Aufenthalt in Kuba, der am 26. Februar ein Krebsgeschw\u00fcr durchgef\u00fchrt wurde, Wiederauftreten des Krebses, der betrieben wurde, auch in Havanna vor knapp neun Monaten und dass niemand, weitere Details dar\u00fcber hinaus gesagt hat befindet sich im Beckenbereich.<\/p>\n<p>Sader verteidigt die Tatsache, dass die Art von Krebs, die der Pr\u00e4sident, betr\u00fcbt hat nicht weithin kritisiert durch die venezolanische Opposition Entscheidung verbreitet.<\/p>\n<p>&#8220;Es gibt eine Sache bezeichnet das medizinische Geheimnis und der Patient w\u00fcnscht sich, es zu sagen. Ihre Gesundheit-Privatsph\u00e4re ist f\u00fcr Sie privat, es ist Ihr Recht, zu bewahren &#8220;als Sader, f\u00fcr einige Tage nach der Staatschef in seiner Behandlung in Kuba begleitet.<\/p>\n<p>Sagte, dass Ch\u00e1vez &#8220;ver\u00f6ffentlicht hat&#8221; die medizinischen Aufzeichnungen und, dass &#8220;er ganze Zeit das den Tumor in den Bauch Weg hat sagt. Er hat was er sagen will &#8220;, sagte.<\/p>\n<p>Sader sagte, dass Ch\u00e1vez noch nicht Sitzungen einer Strahlentherapie, einer Behandlung, die der Pr\u00e4sident bereits angek\u00fcndigt unterzogen wurde hat, dass er ben\u00f6tigen Sie wiederholen, jedoch, die keinen Metastasen.<\/p>\n<p>Dem Minister zufolge Beginn der Strahlentherapie wird nicht geschehen, aber &#8220;mehrere Wochen&#8221; nach der Operation zwar nicht gesagt, wenn die Behandlung in Venezuela oder Kuba stattfinden wird.<\/p>\n<p>Ch\u00e1vez wurde heute wieder vereint mit seinen Anh\u00e4ngern, dass Krebs kann nicht mit ihm und wollen einen Triumph &#8220;unvergesslichen&#8221; bei den Pr\u00e4sidentschaftswahlen kommenden Oktober, das versucht, eine dritte Wiederwahl und wird im Wettbewerb mit den Kandidaten der Opposition, Henrique Capriles.<\/p>\n<p>&#8220;Ist der Pr\u00e4sident, wie Sie es sehen. Ich sehe es als ein Krieger k\u00e4mpfen, wie er sagt, Klettern am Hang und begeistert &#8220;, sagte der Minister. EFE<\/p>\n","protected":false},"excerpt":{"rendered":"<p>Caracas, 17 M\u00e4r (EFE).-der Gesundheitsminister von Venezuela, Eugenia Sader, heute sagte Efe, dass Pr\u00e4sident Hugo Ch\u00e1vez wird durch ein &#8220;interdisziplin\u00e4res Team&#8221; wer \u00fcberzeugt ist, dass der Pr\u00e4sident wird das Rezidiv des Krebses zu \u00fcbertreffen, er wurde wieder letzten 26. Februar in Havanna betrieben behandelt. Ch\u00e1vez behandelt wird f\u00fcr &#8220;ein multidisziplin\u00e4res Team, mit denen wir zusammen [&hellip;]<\/p>\n","protected":false},"author":1,"featured_media":0,"comment_status":"close","ping_status":"open","sticky":false,"template":"","format":"standard","meta":{"footnotes":""},"categories":[3],"tags":[48622],"class_list":["post-40413","post","type-post","status-publish","format-standard","hentry","category-allgemeine","tag-chvez-strahlentherapie","et-doesnt-have-format-content","et_post_format-et-post-format-standard"],"_links":{"self":[{"href":"https:\/\/www.best-dentist-dentistry.com\/de\/wp-json\/wp\/v2\/posts\/40413","targetHints":{"allow":["GET"]}}],"collection":[{"href":"https:\/\/www.best-dentist-dentistry.com\/de\/wp-json\/wp\/v2\/posts"}],"about":[{"href":"https:\/\/www.best-dentist-dentistry.com\/de\/wp-json\/wp\/v2\/types\/post"}],"author":[{"embeddable":true,"href":"https:\/\/www.best-dentist-dentistry.com\/de\/wp-json\/wp\/v2\/users\/1"}],"replies":[{"embeddable":true,"href":"https:\/\/www.best-dentist-dentistry.com\/de\/wp-json\/wp\/v2\/comments?post=40413"}],"version-history":[{"count":0,"href":"https:\/\/www.best-dentist-dentistry.com\/de\/wp-json\/wp\/v2\/posts\/40413\/revisions"}],"wp:attachment":[{"href":"https:\/\/www.best-dentist-dentistry.com\/de\/wp-json\/wp\/v2\/media?parent=40413"}],"wp:term":[{"taxonomy":"category","embeddable":true,"href":"https:\/\/www.best-dentist-dentistry.com\/de\/wp-json\/wp\/v2\/categories?post=40413"},{"taxonomy":"post_tag","embeddable":true,"href":"https:\/\/www.best-dentist-dentistry.com\/de\/wp-json\/wp\/v2\/tags?post=40413"}],"curies":[{"name":"wp","href":"https:\/\/api.w.org\/{rel}","templated":true}]}}