{"id":40422,"date":"2014-06-14T02:24:35","date_gmt":"2014-06-14T02:24:35","guid":{"rendered":null},"modified":"-0001-11-30T00:00:00","modified_gmt":"-0001-11-30T00:00:00","slug":"chavez-begins-radiotherapy-in-cuba-coincides-with-the-pope","status":"publish","type":"post","link":"https:\/\/www.best-dentist-dentistry.com\/de\/chavez-begins-radiotherapy-in-cuba-coincides-with-the-pope\/40422","title":{"rendered":"Ch\u00e1vez Strahlentherapie in Kuba beginnt, f\u00e4llt mit dem Papst"},"content":{"rendered":"<p class=\"first\"> <span class=\"yshortcuts\" id=\"lw_1332719922_0\"> CARACAS<\/span> (Reuters) &#8211; Venezuelas <span class=\"yshortcuts\" id=\"lw_1332719922_1\"> Pr\u00e4sident<\/span> <span class=\"yshortcuts\" id=\"lw_1332719922_2\"> Hugo<\/span> Ch\u00e1vez, sagte, dass die erste Sitzung der <span class=\"yshortcuts\" id=\"lw_1332719922_3\"> Strahlentherapie<\/span> in <span class=\"yshortcuts\" id=\"lw_1332719922_4\"> Kuba<\/span> von <span class=\"yshortcuts\" id=\"lw_1332719922_5\"> Krebs<\/span>, die leidet und dass weiterhin seine Behandlung auf der Insel, ein Verfahren, das es bei den Wahlen k\u00f6nnte zu einer Schw\u00e4chung der neue Wiederwahl in diesem Jahr sucht, am Samstag begann.<\/p>\n<p>Ch\u00e1vez kam in <span class=\"yshortcuts\" id=\"lw_1332719922_6\"> Havana<\/span> am Samstagabend, zwei Tage bevor Papst <span class=\"yshortcuts\" id=\"lw_1332719922_7\"> Benedikt XVI.<\/span> auf die Insel aus <span class=\"yshortcuts\" id=\"lw_1332719922_8\"> Mexiko<\/span> kommt.<\/p>\n<p>&#8220;Wir kamen letzte Nacht in Havanna, und gestern gleich habe ich mich beworben, die erste Sitzung der Strahlentherapie, zum Gl\u00fcck ohne Probleme. Heute, Sonntag 25., am fr\u00fchen Abend habe ich die zweite Anwendung, die f\u00fcnf aufeinander folgende Anwendungen in diesem fr\u00fchen Stadium sind &#8220;, sagte der Pr\u00e4sident am Sonntag in einem Telefonkontakt mit dem Kanal des Staatsfernsehens VTV.<\/p>\n<p>Hinzugef\u00fcgt, die er am Donnerstag wieder in Venezuela sein will und sagte, dass ein paar Tage sp\u00e4ter er reist nach Kuba erneut, um den zweiten Zyklus der Strahlentherapie unterzogen werden, aber nicht, wann angeben wird die vollst\u00e4ndige Behandlung kulminieren.<\/p>\n<p>&#8220;so Strahlentherapie, f\u00fcr diejenigen, die es nicht kennen: f\u00fcnf aufeinander folgenden Sitzungen und zwei Tagen der Ruhe&#8221;, erkl\u00e4rte Ch\u00e1vez nach \u00dcberpr\u00fcfung aus der Ferne zu einem Projekt in der staatlichen zentralen Cojedes.<\/p>\n<p>W\u00e4hrend der Pr\u00e4sident die Behandlung &#8211; deren Nebenwirkungen ihre Teilnahme in der venezolanischen t\u00e4gliche Politik w\u00e4hrend der h\u00e4rtesten Kampagne beschr\u00e4nken begann, kann da es im Jahr 1999 an die Macht kam, Tausende Anh\u00e4nger organisiert einen Spaziergang in das Innere des Landes f\u00fcr seine Gesundheit zu beten.<\/p>\n<p>wir wissen, dass Comandante Ch\u00e1vez siegreich weiterhin an der Spitze unseres Volkes gibt &#8220;, sagte Innenminister Tareck El Aissami, der den Vormarsch leitete<\/p>\n<p>Von der Operation, die im Juni zu einem Krebsgeschw\u00fcr der Gr\u00f6\u00dfe eines Baseballs entfernen durchgef\u00fchrt wurde, der venezolanische Pr\u00e4sident hat unterwegs immer wieder nach Kuba von seiner Krankheit behandelt werden.<\/p>\n<p>Analysten glauben sowie seine enge Beziehung mit ehemaligen Pr\u00e4sident Fidel Castro, die oft aufgerufen Vater, Ch\u00e1vez Suche in Havanna Privatsph\u00e4re und Ruhe, w\u00e4hrend es weigert sich, die Informationen \u00fcber seinen Zustand zu enth\u00fcllen, die in Februar, nachdem im Jahr 2011 Pr\u00e4sident ausgeh\u00e4rteten deklariert werden wieder auftauchte.<\/p>\n<p>Die neue Ankunft von Ch\u00e1vez in Havanna wird zeitgleich mit Benedicto XVI Besuch, die Spekulationen \u00fcber die Vorbereitung eines Treffens zwischen den beiden zu einem Zeitpunkt ausgel\u00f6st hat, in dem der Pr\u00e4sident wendet sich an Spiritualit\u00e4t in seinen reden.<\/p>\n<p>Hingegen ein Vatikan-Sprecher sagte, aus Mexiko, dass offizielle Informationen \u00fcber die m\u00f6gliche Sitzung nicht behandelt wird.<\/p>\n<p>&#8220;diese Informationen (&#8230;) haben nicht Nicht wir sind informiert in diesem Zusammenhang&#8221;, sagte Federico Lombardi am Samstagabend.<\/p>\n<p>Venezolanischen Regierungsbeamte lagen nicht auf die Version Kommentar.<\/p>\n<p>Trotz immer ein Christ-Follower und Verwendung Bibel zitiert in seinen Vortr\u00e4gen Ch\u00e1vez ist konfrontiert mit den katholischen F\u00fchrern in Venezuela, wer kommt &#8220;Teufel mit Soutane&#8221; aufgerufen werden warf ihnen Verb\u00fcndung mit den Eliten des Landes \u00d6l an seine &#8220;sozialistischen Revolution&#8221; entgleisen.<\/p>\n<p>Der milit\u00e4rische Rentner wird sichergestellt, dass venezolanische katholische F\u00fchrer den Segen f\u00fcr den Putsch gab, die es macht f\u00fcr ein paar Tage im Jahr 2002 nahm.<\/p>\n<p>Auswirkungen auf den Pr\u00e4sidentschaftswahlkampf<\/p>\n<p>Behandlung von Ch\u00e1vez, 57 Jahre, hat monopolisiert die venezolanischen politischen Agenda-Pr\u00e4sidentschaftswahlen weniger als sechs Monate, w\u00e4hrend die Venezolaner und die M\u00e4rkte sich Fragen, ob der Sozialistenf\u00fchrer in Form f\u00fcr eine neue Amtszeit von sechs Jahren k\u00e4mpfen werden.<\/p>\n<p>Bedenken \u00fcber den Zustand des Pr\u00e4sidenten und seiner F\u00e4higkeit, eine neue Wahl-Schlacht stellen zu erh\u00f6hen, als Ann\u00e4herung an den Monat Juli, Datum, die formal Kampagnen beginnen.<\/p>\n<p>Der Rekonvaleszenten Pr\u00e4sident muss im Oktober mit der jungen Gouverneur Henrique Capriles, 39 Jahre, nach immer der einzige Kandidat der Opposition im Februar ins Leben gerufen, ein Haus suchen verf\u00fchren die Anh\u00e4nger der Regierungspartei gemessen werden.<\/p>\n<p>Gibt es jedoch widerspr\u00fcchliche Versionen zwischen Abstimmung gegen\u00fcber dem Pr\u00e4sidenten beliebt und redselig.<\/p>\n<p>Drei neue Umfragen geben einen Vorteil von mehr als 20 Punkte gegen\u00fcber Capriles, obwohl ein angesehener Meinungsforscher, dass sagt der Pr\u00e4sident und der Opposition F\u00fchrer befinden sich in einer Sackgasse, die von Wechselw\u00e4hler entschieden wird.<\/p>\n<p>&#8220;Teil meiner Arbeit ist das Leben, das ist nicht mein Leben, es sind die Menschen (&#8230;)&#8221; &#8220;Ich danke Ihnen so sehr Liebe, die diese Gebete bereitstellen&#8221;, Ch\u00e1vez sagte vor der Abreise.<\/p>\n<p>Ch\u00e1vez, wer diesmal nicht-Autorisierung der Nationalversammlung angefordert hat lassen, wie es w\u00e4hrend der Chemotherapie-Behandlung hat er unterzog sich im vergangenen Jahr, stellte klar, dass seine Reisen nach Havanna von kurzer Dauer sein werden.<\/p>\n<p>Eine medizinische Quelle in der N\u00e4he der Fall von Ch\u00e1vez sagte, dass das Lazarett in Caracas W\u00e4nde Blei-Implementierung in einem seiner Etagen endete also bereit, um Strahlentherapie an den Pr\u00e4sidenten zu verwenden, er sagte, dass es Teil ihrer Behandlung im Land sein k\u00f6nnte.<\/p>\n<p>Die Opposition lehnt die h\u00e4ufige Abwesenheit des Pr\u00e4sidenten, der Adresse Handlungen der Regierung von Havanna und die Leitlinien f\u00fcr seine Minister durch Kontakte mit den staatlichen Medien bem\u00fcht hat, aber hat die Befugnisse des Vice-Pr\u00e4sidenten nicht delegiert.<\/p>\n<p>(Zusatzbericht Mica Rosenberg in Le\u00f3n, Mexiko. Herausgegeben von Enrique Andr\u00e9s Pretel\/Marion Giraldo)<\/p>\n","protected":false},"excerpt":{"rendered":"<p>CARACAS (Reuters) &#8211; Venezuelas Pr\u00e4sident Hugo Ch\u00e1vez, sagte, dass die erste Sitzung der Strahlentherapie in Kuba von Krebs, die leidet und dass weiterhin seine Behandlung auf der Insel, ein Verfahren, das es bei den Wahlen k\u00f6nnte zu einer Schw\u00e4chung der neue Wiederwahl in diesem Jahr sucht, am Samstag begann. Ch\u00e1vez kam in Havana am Samstagabend, [&hellip;]<\/p>\n","protected":false},"author":1,"featured_media":0,"comment_status":"close","ping_status":"open","sticky":false,"template":"","format":"standard","meta":{"footnotes":""},"categories":[3],"tags":[48622],"class_list":["post-40422","post","type-post","status-publish","format-standard","hentry","category-allgemeine","tag-chvez-strahlentherapie","et-doesnt-have-format-content","et_post_format-et-post-format-standard"],"_links":{"self":[{"href":"https:\/\/www.best-dentist-dentistry.com\/de\/wp-json\/wp\/v2\/posts\/40422","targetHints":{"allow":["GET"]}}],"collection":[{"href":"https:\/\/www.best-dentist-dentistry.com\/de\/wp-json\/wp\/v2\/posts"}],"about":[{"href":"https:\/\/www.best-dentist-dentistry.com\/de\/wp-json\/wp\/v2\/types\/post"}],"author":[{"embeddable":true,"href":"https:\/\/www.best-dentist-dentistry.com\/de\/wp-json\/wp\/v2\/users\/1"}],"replies":[{"embeddable":true,"href":"https:\/\/www.best-dentist-dentistry.com\/de\/wp-json\/wp\/v2\/comments?post=40422"}],"version-history":[{"count":0,"href":"https:\/\/www.best-dentist-dentistry.com\/de\/wp-json\/wp\/v2\/posts\/40422\/revisions"}],"wp:attachment":[{"href":"https:\/\/www.best-dentist-dentistry.com\/de\/wp-json\/wp\/v2\/media?parent=40422"}],"wp:term":[{"taxonomy":"category","embeddable":true,"href":"https:\/\/www.best-dentist-dentistry.com\/de\/wp-json\/wp\/v2\/categories?post=40422"},{"taxonomy":"post_tag","embeddable":true,"href":"https:\/\/www.best-dentist-dentistry.com\/de\/wp-json\/wp\/v2\/tags?post=40422"}],"curies":[{"name":"wp","href":"https:\/\/api.w.org\/{rel}","templated":true}]}}