{"id":40448,"date":"2014-06-14T02:33:25","date_gmt":"2014-06-14T02:33:25","guid":{"rendered":null},"modified":"-0001-11-30T00:00:00","modified_gmt":"-0001-11-30T00:00:00","slug":"chavez-says-will-return-to-venezuela-on-april-26-after-radiotherapy","status":"publish","type":"post","link":"https:\/\/www.best-dentist-dentistry.com\/de\/chavez-says-will-return-to-venezuela-on-april-26-after-radiotherapy\/40448","title":{"rendered":"Ch\u00e1vez sagt kehrt nach Venezuela am 26 nach Strahlentherapie"},"content":{"rendered":"<p class=\"first\"> CARACAS (Reuters) &#8211; venezolanischen Pr\u00e4sidenten Hugo Ch\u00e1vez sagte am Montag, die nach Caracas n\u00e4chsten April 26 zur\u00fcckgibt er Behandlung f\u00fcr Krebs leiden erhielt aus Kuba,.<\/p>\n<p>Ch\u00e1vez, 57 Jahre, kommuniziert per Telefon mit Venezuela durch den Staat-Kanal VTV, in einem Aufruf w\u00e4hrend der Pr\u00e4sident der Nationalversammlung, Diosdado Cabello, unter der Leitung von der \u00fcblichen Pressekonferenz w\u00f6chentlich mit den regierenden Vereinigte Sozialistische Partei von Venezuela (PSUV).<\/p>\n<p>Der sozialistische Pr\u00e4sident sagte, dass er, April 28 nach Kuba zur\u00fcckkehren w\u00fcrde, um die Strahlentherapie fortsetzen.<\/p>\n<p>&#8220;Was Sie sagen k\u00f6nnen ist, dass nicht am ersten Mai, 26, 27 und 28 April werde ich in Venezuela&#8221;, sagte in Antwort auf eine Frage eines Journalisten, ob das Labor-Day in Caracas wollte.<\/p>\n<p>(Bericht von Mario Naranjo. Herausgegeben von Silene Ram\u00edrez)<\/p>\n","protected":false},"excerpt":{"rendered":"<p>CARACAS (Reuters) &#8211; venezolanischen Pr\u00e4sidenten Hugo Ch\u00e1vez sagte am Montag, die nach Caracas n\u00e4chsten April 26 zur\u00fcckgibt er Behandlung f\u00fcr Krebs leiden erhielt aus Kuba,. Ch\u00e1vez, 57 Jahre, kommuniziert per Telefon mit Venezuela durch den Staat-Kanal VTV, in einem Aufruf w\u00e4hrend der Pr\u00e4sident der Nationalversammlung, Diosdado Cabello, unter der Leitung von der \u00fcblichen Pressekonferenz w\u00f6chentlich [&hellip;]<\/p>\n","protected":false},"author":1,"featured_media":0,"comment_status":"close","ping_status":"open","sticky":false,"template":"","format":"standard","meta":{"footnotes":""},"categories":[3],"tags":[48622],"class_list":["post-40448","post","type-post","status-publish","format-standard","hentry","category-allgemeine","tag-chvez-strahlentherapie","et-doesnt-have-format-content","et_post_format-et-post-format-standard"],"_links":{"self":[{"href":"https:\/\/www.best-dentist-dentistry.com\/de\/wp-json\/wp\/v2\/posts\/40448","targetHints":{"allow":["GET"]}}],"collection":[{"href":"https:\/\/www.best-dentist-dentistry.com\/de\/wp-json\/wp\/v2\/posts"}],"about":[{"href":"https:\/\/www.best-dentist-dentistry.com\/de\/wp-json\/wp\/v2\/types\/post"}],"author":[{"embeddable":true,"href":"https:\/\/www.best-dentist-dentistry.com\/de\/wp-json\/wp\/v2\/users\/1"}],"replies":[{"embeddable":true,"href":"https:\/\/www.best-dentist-dentistry.com\/de\/wp-json\/wp\/v2\/comments?post=40448"}],"version-history":[{"count":0,"href":"https:\/\/www.best-dentist-dentistry.com\/de\/wp-json\/wp\/v2\/posts\/40448\/revisions"}],"wp:attachment":[{"href":"https:\/\/www.best-dentist-dentistry.com\/de\/wp-json\/wp\/v2\/media?parent=40448"}],"wp:term":[{"taxonomy":"category","embeddable":true,"href":"https:\/\/www.best-dentist-dentistry.com\/de\/wp-json\/wp\/v2\/categories?post=40448"},{"taxonomy":"post_tag","embeddable":true,"href":"https:\/\/www.best-dentist-dentistry.com\/de\/wp-json\/wp\/v2\/tags?post=40448"}],"curies":[{"name":"wp","href":"https:\/\/api.w.org\/{rel}","templated":true}]}}