{"id":40467,"date":"2014-06-14T02:44:30","date_gmt":"2014-06-14T02:44:30","guid":{"rendered":null},"modified":"-0001-11-30T00:00:00","modified_gmt":"-0001-11-30T00:00:00","slug":"jimanez-said-that-the-psoe-will-appeal-against-the-decree-of-the-cut-in-health","status":"publish","type":"post","link":"https:\/\/www.best-dentist-dentistry.com\/de\/jimanez-said-that-the-psoe-will-appeal-against-the-decree-of-the-cut-in-health\/40467","title":{"rendered":"Jim\u00e9nez sagte, dass die PSOE gegen das Dekret des Schnittes in Gesundheit appellieren"},"content":{"rendered":"<p class=\"first\"> Ourense, 25. Mai (EFE).-das Ministerium f\u00fcr Sozialpolitik der PSOE, Trinidad Jim\u00e9nez, sagte heute, dass seine Partei w\u00fcrde einreichen, ein Appell der Verfassungswidrigkeit gegen das K\u00f6nigliche Dekret genehmigt letzte Woche durch das Abgeordnetenhaus, weil es die Grundrechte verletzt und, die B\u00fcrger des nationalen Gesundheitssystems ausschlie\u00dfen.<\/p>\n<p>Jim\u00e9nez diese \u00c4u\u00dferungen in Ourense und stellte fest, dass die Ressource durch seine unterzogen werden training einmal die autonomen Gemeinschaften, it. zu pr\u00e4sentieren<\/p>\n<p>Vertreter der PSOE und ehemaliger Minister f\u00fcr Gesundheit, nahm an einem Treffen mit organischen Positionen und Ourense Volksgesundheit Beteiligten, dem Generalsekret\u00e4r des PSdeG, Pachi V\u00e1zquez teilnahmen.<\/p>\n<p>&#8220;Wir erwarten, dass die vorhanden Ressourcen der Verfassungswidrigkeit, Andalusien und dem Baskenland. Sobald diese Gemeinden, die Sozialdemokratische Fraktion auch pr\u00e4sentieren zu pr\u00e4sentieren&#8221;, sagte.<\/p>\n<p>El PSOE bietet neben der vorliegenden Antr\u00e4ge, Interpellationen und Voraussetzungen eines Gesetzentwurfs im Kongress mit dem Ziel, das das K\u00f6nigliche Dekret &#8220;nicht gilt&#8221;, und so vermeiden, dass die &#8220;produzierenden negative Auswirkungen&#8221; auf die Bev\u00f6lkerung, insbesondere bei Gruppen, die &#8220;ausschlie\u00dft&#8221;.<\/p>\n<p>Darauf hingewiesen, dass diese gef\u00e4hrdeten Gruppen umfassen &#8220;jungen Alter von 27 Jahren haben nicht notiert, geschiedene Frauen, die nicht nie zitiert, deaktiviert oder irregul\u00e4re Einwanderer&#8221;.<\/p>\n<p>&#8220;Wir werden nicht zulassen, dass unter dem Vorwand der Krise ein System der Gesundheit zerschlagen werden&#8221;, ebenso wie sein &#8220;nachhaltig&#8221;, es ist &#8220;eine der besten der Welt&#8221;, Jim\u00e9nez, sagte Wer warnte, dass &#8220;es rote Linien, die nicht \u00fcberschritten werden k\u00f6nnen sind&#8221;.<\/p>\n<p>, Sagte, dass er ein Modell der &#8220;freien und universal&#8221; Gesundheitswesen handelt, die Hilfe f\u00fcr alle diejenigen, die in diesem Land, auch als &#8220;nachhaltig&#8221;, und Spanien Leben hat &#8220;genug Kraft um 6,5 % des BIP zu widmen&#8221;, betonte er.<\/p>\n<p>Put in Zweifel, das es eine Notwendigkeit, es zu \u00e4ndern und bestand darauf, dass das Modell das K\u00f6nigliche Dekret angenommen ist &#8220;ungerechte und ineffiziente&#8221;, f\u00fcgte er hinzu.<\/p>\n<p>Die Sozialpolitik der PSOE-Sekret\u00e4r auch genannt an den Pr\u00e4sidenten der Xunta, Alberto N\u00fa\u00f1ez Feijoo und Leiter der PPdeG in Galizien &#8211; sobald es sich richtet, dass es keine Gesundheit Praxisgeb\u00fchr &#8211; Ablehnung herstellen wird.<\/p>\n<p>&#8220;Ist sehr einfach zu sagen, dass es nicht angewendet werden&#8221;, wenn &#8220;nicht es abgelehnt&#8221;, sagte sie.<\/p>\n<p>, V\u00e1zquez sagte, dass &#8220;einige Male eine so ungerechte Situation erlebt, war&#8221; als die jetzige, mit dem Recht, die &#8220;die Volksgesundheit voranzubringen will&#8221; und Bildung.<\/p>\n<p>In diesem Zusammenhang forderte der Pr\u00e4sident der Regionalregierung &#8220;nicht verraten Galicien&#8221; und auch senden einen Appell der Verfassungswidrigkeit gegen das Dekret, nach dem Beispiel der anderen autonomen Gemeinschaften.<\/p>\n<p>&#8220;Jetzt ist die Zeit zu verteidigen Galicien und verteidigen diese Rentner Leben am Limit und das haben nun f\u00fcr Medikamente bezahlen,&#8221; betonte er, in Bezug auf das Dekret, das Auffassung vertreten, dass &#8220;nicht nur der Gesundheit, sondern die Rechte Rechtsverletzungen&#8221; von den Galiciern.<\/p>\n<p>Auf der anderen Seite der Vertreter der PSOE, auf Fragen von Journalisten \u00fcber die M\u00f6glichkeit, einen Pakt mit der PP in den Bereichen Gesundheit, das richtig sagte, jetzt es &#8220;schwierig ist, eine Einigung zu erzielen&#8221;, da der Minister &#8220;nie genannt&#8221; hat das Dekret er\u00f6rtert, die in das Ende &#8220;hat die&#8221;, er sagte.<\/p>\n","protected":false},"excerpt":{"rendered":"<p>Ourense, 25. Mai (EFE).-das Ministerium f\u00fcr Sozialpolitik der PSOE, Trinidad Jim\u00e9nez, sagte heute, dass seine Partei w\u00fcrde einreichen, ein Appell der Verfassungswidrigkeit gegen das K\u00f6nigliche Dekret genehmigt letzte Woche durch das Abgeordnetenhaus, weil es die Grundrechte verletzt und, die B\u00fcrger des nationalen Gesundheitssystems ausschlie\u00dfen. Jim\u00e9nez diese \u00c4u\u00dferungen in Ourense und stellte fest, dass die Ressource [&hellip;]<\/p>\n","protected":false},"author":1,"featured_media":0,"comment_status":"close","ping_status":"open","sticky":false,"template":"","format":"standard","meta":{"footnotes":""},"categories":[3],"tags":[48622],"class_list":["post-40467","post","type-post","status-publish","format-standard","hentry","category-allgemeine","tag-chvez-strahlentherapie","et-doesnt-have-format-content","et_post_format-et-post-format-standard"],"_links":{"self":[{"href":"https:\/\/www.best-dentist-dentistry.com\/de\/wp-json\/wp\/v2\/posts\/40467","targetHints":{"allow":["GET"]}}],"collection":[{"href":"https:\/\/www.best-dentist-dentistry.com\/de\/wp-json\/wp\/v2\/posts"}],"about":[{"href":"https:\/\/www.best-dentist-dentistry.com\/de\/wp-json\/wp\/v2\/types\/post"}],"author":[{"embeddable":true,"href":"https:\/\/www.best-dentist-dentistry.com\/de\/wp-json\/wp\/v2\/users\/1"}],"replies":[{"embeddable":true,"href":"https:\/\/www.best-dentist-dentistry.com\/de\/wp-json\/wp\/v2\/comments?post=40467"}],"version-history":[{"count":0,"href":"https:\/\/www.best-dentist-dentistry.com\/de\/wp-json\/wp\/v2\/posts\/40467\/revisions"}],"wp:attachment":[{"href":"https:\/\/www.best-dentist-dentistry.com\/de\/wp-json\/wp\/v2\/media?parent=40467"}],"wp:term":[{"taxonomy":"category","embeddable":true,"href":"https:\/\/www.best-dentist-dentistry.com\/de\/wp-json\/wp\/v2\/categories?post=40467"},{"taxonomy":"post_tag","embeddable":true,"href":"https:\/\/www.best-dentist-dentistry.com\/de\/wp-json\/wp\/v2\/tags?post=40467"}],"curies":[{"name":"wp","href":"https:\/\/api.w.org\/{rel}","templated":true}]}}