{"id":40471,"date":"2014-06-14T02:47:48","date_gmt":"2014-06-14T02:47:48","guid":{"rendered":null},"modified":"-0001-11-30T00:00:00","modified_gmt":"-0001-11-30T00:00:00","slug":"more-than-250-dentists-engaged-in-valencia-at-the-12th-national-congress-of-the-spanish-society-of-e","status":"publish","type":"post","link":"https:\/\/www.best-dentist-dentistry.com\/de\/more-than-250-dentists-engaged-in-valencia-at-the-12th-national-congress-of-the-spanish-society-of-e\/40471","title":{"rendered":"Mehr als 250 Zahn\u00e4rzte beteiligt in Valencia beim 12. Nationalkongress der spanischen Gesellschaft von e"},"content":{"rendered":"<p class=\"first\"> VALENCIA, 7 (EUROPA PRESS)<\/p>\n<p>Die <span class=\"yshortcuts\" id=\"lw_1339088172_0\"> Stadt von Valencia<\/span>-Gastgeber der XII-Kongress der <span class=\"yshortcuts\" id=\"lw_1339088172_3\"> spanischen Gesellschaft<\/span> f\u00fcr e, dass dieses Jahr vereint mehr als 250 Experten, zwischen Donnerstag und Samstag, die die neuesten wissenschaftlichen zur Behandlung der oralen Gesundheit des \u00e4lteren Patienten behandelt werden, wie er der UTSCH-CEU in einer Anweisung angegeben hat.<\/p>\n<p>Die besten Profis, Lehrer und Forscher im Gesundheitswesen oral kommen zusammen an diesem Treffen zu bestimmten diskutieren in e-zahn\u00e4rztliche Behandlung, die Pathologie der Mukosa im \u00e4lteren Patienten, Gesichtschirurgie Chirurgie, Implantat und Wiederherstellung in den alten und \u00dcberlegungen in zahn\u00e4rztliche Versorgung f\u00fcr Patienten mit kognitiven St\u00f6rungen.<\/p>\n<p>The XII-Kongress der Gesellschaft Spanisch e pr\u00e4sentierte am Donnerstag in der Universidad CEU Kardinal Herrera mit Unterst\u00fctzung des Pr\u00e4sidenten der spanischen Gesellschaft e (Seer), Andr\u00e9s wei\u00df Carri\u00f3n, der Dekan der Zahnmedizin an der CEU &#8211; UCH, dem Vorsitzenden des zw\u00f6lften Kongresses der Seger und Professor der CEU-UCH, Celia hat Fern\u00e1ndez und Jos\u00e9 Cabanes Vila.<\/p>\n<p>Dieses nationale treffen wird von der Universidad CEU Kardinal Herrera, die Gastgeber der Preconference Sessions am Nachmittag unterst\u00fctzt. Am Freitag und Samstag, wird der Kongress im Hotel Primus von Valencia weiter.<\/p>\n<p>Diese wissenschaftliche Veranstaltung deckt sich mit der Ankunft von den Dentibus, Zahnklinik, installiert auf einem Bus Unternehmen ALSA und gesponsert von der Rat-General der Zahn\u00e4rzte aus Spanien, bleibt in diesen Tagen in Valencia.<\/p>\n<p>In Dentibus freie m\u00fcndliche Revisionen erfolgt bei \u00e4lteren Personen, mit dem Ziel der F\u00f6rderung der Mundgesundheit und Ihren m\u00fcndlichen Zustand, einschlie\u00dflich pr\u00e4maligne, b\u00f6sartige Hautver\u00e4nderungen oder Syndrome des trockenen Mund zu diagnostizieren.<\/p>\n<p>W\u00e4hrend der 8. und 9. Juni Scans an verschiedenen Orten der Stadt Valencia in Zusammenarbeit mit der Abteilung f\u00fcr Soziales der Stadtrat von Valencia durchgef\u00fchrt werden. Diese mobile Klinik reist nach Spanien f\u00fcr vier Monate des Jahres. Seine Arbeit ist die F\u00f6rderung der Gesundheit oral, bei dieser Gelegenheit zeitgleich mit den 12. Kongress der Gesellschaft Spanisch von e, bei \u00e4lteren Menschen.  <\/p>\n","protected":false},"excerpt":{"rendered":"<p>VALENCIA, 7 (EUROPA PRESS) Die Stadt von Valencia-Gastgeber der XII-Kongress der spanischen Gesellschaft f\u00fcr e, dass dieses Jahr vereint mehr als 250 Experten, zwischen Donnerstag und Samstag, die die neuesten wissenschaftlichen zur Behandlung der oralen Gesundheit des \u00e4lteren Patienten behandelt werden, wie er der UTSCH-CEU in einer Anweisung angegeben hat. Die besten Profis, Lehrer und [&hellip;]<\/p>\n","protected":false},"author":1,"featured_media":0,"comment_status":"close","ping_status":"open","sticky":false,"template":"","format":"standard","meta":{"footnotes":""},"categories":[3],"tags":[48622],"class_list":["post-40471","post","type-post","status-publish","format-standard","hentry","category-allgemeine","tag-chvez-strahlentherapie","et-doesnt-have-format-content","et_post_format-et-post-format-standard"],"_links":{"self":[{"href":"https:\/\/www.best-dentist-dentistry.com\/de\/wp-json\/wp\/v2\/posts\/40471","targetHints":{"allow":["GET"]}}],"collection":[{"href":"https:\/\/www.best-dentist-dentistry.com\/de\/wp-json\/wp\/v2\/posts"}],"about":[{"href":"https:\/\/www.best-dentist-dentistry.com\/de\/wp-json\/wp\/v2\/types\/post"}],"author":[{"embeddable":true,"href":"https:\/\/www.best-dentist-dentistry.com\/de\/wp-json\/wp\/v2\/users\/1"}],"replies":[{"embeddable":true,"href":"https:\/\/www.best-dentist-dentistry.com\/de\/wp-json\/wp\/v2\/comments?post=40471"}],"version-history":[{"count":0,"href":"https:\/\/www.best-dentist-dentistry.com\/de\/wp-json\/wp\/v2\/posts\/40471\/revisions"}],"wp:attachment":[{"href":"https:\/\/www.best-dentist-dentistry.com\/de\/wp-json\/wp\/v2\/media?parent=40471"}],"wp:term":[{"taxonomy":"category","embeddable":true,"href":"https:\/\/www.best-dentist-dentistry.com\/de\/wp-json\/wp\/v2\/categories?post=40471"},{"taxonomy":"post_tag","embeddable":true,"href":"https:\/\/www.best-dentist-dentistry.com\/de\/wp-json\/wp\/v2\/tags?post=40471"}],"curies":[{"name":"wp","href":"https:\/\/api.w.org\/{rel}","templated":true}]}}