{"id":40472,"date":"2014-06-14T02:48:20","date_gmt":"2014-06-14T02:48:20","guid":{"rendered":null},"modified":"-0001-11-30T00:00:00","modified_gmt":"-0001-11-30T00:00:00","slug":"prince-felipe-is-the-rock-of-isabel-ii-according-to-his-granddaughter","status":"publish","type":"post","link":"https:\/\/www.best-dentist-dentistry.com\/de\/prince-felipe-is-the-rock-of-isabel-ii-according-to-his-granddaughter\/40472","title":{"rendered":"Prinz Felipe ist &#8220;the Rock&#8221; von Isabel II, nach seiner Enkelin"},"content":{"rendered":"<p class=\"first\"> <span class=\"yshortcuts\" id=\"lw_1339257308_1\"> London<\/span>, 9 jun (EFE).-<span class=\"yshortcuts\" id=\"lw_1339257308_0\"> Der Prinz Felipe<\/span> ist die &#8220;Rock&#8221; von K\u00f6nigin Isabel II und seine Abwesenheit w\u00e4hrend der Feier des Jubil\u00e4ums in London aus gesundheitlichen Gr\u00fcnden &#8220;eine idiotensicher, der souver\u00e4n sein sollte&#8221;, sagte heute der Prinzessin Eugenie, Enkelin von beiden.<\/p>\n<p>Eugenia, j\u00fcngste Tochter von Prinz Andr\u00e9s und Sarah Ferguson, gem\u00e4\u00df seinen Gro\u00dfeltern in einer Erkl\u00e4rung an die Presse-Stunden vor der Teilnahme an einer Fahrradtour in die britische Hauptstadt f\u00fcr wohlt\u00e4tige Zwecke.<\/p>\n<p>Von Journalisten in Frage gestellt, Eugenia beschrieben die letzten Feiern zum Jubil\u00e4um des Diamanten, Isabel II., der feiert 60 Jahre auf dem Thron, als &#8220;ein tolles Erlebnis&#8221; und dr\u00fcckte seine Dankbarkeit f\u00fcr Zeichen der Zuneigung, die seine Gro\u00dfmutter erhalten.<\/p>\n<p>&#8220;Ich war erstaunt \u00fcber die H\u00f6he der Unterst\u00fctzung, Liebe und Dankbarkeit, das jeder f\u00fcr meine Oma hat&#8221;, sagte 22-Year-Old.<\/p>\n<p>Aus seiner Sicht das Fehlen in einigen der Feste der Duke of Edinburgh &#8211; heute kam aus dem Krankenhaus entlassen, die er am Montag durch eine Blasenentz\u00fcndung beigetreten &#8211; muss gewesen &#8220;eine Herausforderung&#8221; f\u00fcr die K\u00f6nigin, die die Prinzessin sagte: viel abh\u00e4ngt.<\/p>\n<p>&#8220;Sind ein paar viel Schiefer. &#8220;Gro\u00dfvater leider wurde krank und sicherlich f\u00fcr Oma, ausgehen und tun alles, was allein, wahrscheinlich war eine absolute Sicherheit, da es wirklich seinen Rock und sie davon&#8221;, erkl\u00e4rte.<\/p>\n<p>Der Prinz Felipe, das morgen 91 Jahre alt, habe verloren, unter anderem, das Galakonzert statt am Montag vor Buckingham Palace, Zeuge gehandelt hat um mehr als eine halbe million Menschen und die Stars wie Tom Jones, Paul McCartney oder Grace Jones.<\/p>\n<p>Ja allerdings besuchte am Vortag, die Parade der mehr als tausend Schiffe auf der Themse und d\u00fcrfte jetzt entlassen hat, bald die offizielle Verpflichtungen neugegr\u00fcndet.<\/p>\n<p>Ihrerseits die Prinzessin Eugenia engagiert sich heute mit anderen Menschen auf ein Rennrad f\u00fcr London im Licht des Mondes um Mittel f\u00fcr die National Hospital der Orthop\u00e4die, wo sie selbst, der an Skoliose leidet, operiert wurde, als er 12 Jahre alt, Ihre Wirbels\u00e4ule zu begradigen war.<\/p>\n","protected":false},"excerpt":{"rendered":"<p>London, 9 jun (EFE).- Der Prinz Felipe ist die &#8220;Rock&#8221; von K\u00f6nigin Isabel II und seine Abwesenheit w\u00e4hrend der Feier des Jubil\u00e4ums in London aus gesundheitlichen Gr\u00fcnden &#8220;eine idiotensicher, der souver\u00e4n sein sollte&#8221;, sagte heute der Prinzessin Eugenie, Enkelin von beiden. Eugenia, j\u00fcngste Tochter von Prinz Andr\u00e9s und Sarah Ferguson, gem\u00e4\u00df seinen Gro\u00dfeltern in einer [&hellip;]<\/p>\n","protected":false},"author":1,"featured_media":0,"comment_status":"close","ping_status":"open","sticky":false,"template":"","format":"standard","meta":{"footnotes":""},"categories":[3],"tags":[48622],"class_list":["post-40472","post","type-post","status-publish","format-standard","hentry","category-allgemeine","tag-chvez-strahlentherapie","et-doesnt-have-format-content","et_post_format-et-post-format-standard"],"_links":{"self":[{"href":"https:\/\/www.best-dentist-dentistry.com\/de\/wp-json\/wp\/v2\/posts\/40472","targetHints":{"allow":["GET"]}}],"collection":[{"href":"https:\/\/www.best-dentist-dentistry.com\/de\/wp-json\/wp\/v2\/posts"}],"about":[{"href":"https:\/\/www.best-dentist-dentistry.com\/de\/wp-json\/wp\/v2\/types\/post"}],"author":[{"embeddable":true,"href":"https:\/\/www.best-dentist-dentistry.com\/de\/wp-json\/wp\/v2\/users\/1"}],"replies":[{"embeddable":true,"href":"https:\/\/www.best-dentist-dentistry.com\/de\/wp-json\/wp\/v2\/comments?post=40472"}],"version-history":[{"count":0,"href":"https:\/\/www.best-dentist-dentistry.com\/de\/wp-json\/wp\/v2\/posts\/40472\/revisions"}],"wp:attachment":[{"href":"https:\/\/www.best-dentist-dentistry.com\/de\/wp-json\/wp\/v2\/media?parent=40472"}],"wp:term":[{"taxonomy":"category","embeddable":true,"href":"https:\/\/www.best-dentist-dentistry.com\/de\/wp-json\/wp\/v2\/categories?post=40472"},{"taxonomy":"post_tag","embeddable":true,"href":"https:\/\/www.best-dentist-dentistry.com\/de\/wp-json\/wp\/v2\/tags?post=40472"}],"curies":[{"name":"wp","href":"https:\/\/api.w.org\/{rel}","templated":true}]}}