{"id":40474,"date":"2014-06-18T02:43:31","date_gmt":"2014-06-18T02:43:31","guid":{"rendered":null},"modified":"-0001-11-30T00:00:00","modified_gmt":"-0001-11-30T00:00:00","slug":"cubas-president-raal-castro-will-attend-the-summit-of-rio20","status":"publish","type":"post","link":"https:\/\/www.best-dentist-dentistry.com\/de\/cubas-president-raal-castro-will-attend-the-summit-of-rio20\/40474","title":{"rendered":"Kubas Pr\u00e4sident Ra\u00fal Castro, werden den Gipfel des rio20 teilnehmen."},"content":{"rendered":"<p class=\"first\"> Havanna, 20 jun (EFE).-der Pr\u00e4sident von Kuba, Ra\u00fal Castro, Teilnahme an der Konferenz der Vereinten Nationen f\u00fcr nachhaltige Entwicklung &#8220;Rio + 20&#8221;, findet bis 22.6. in Rio De Janeiro (Brasilien), offizielle Medien berichtet heute in Havanna.<\/p>\n<p>Ra\u00fal Castro reist nach Brasilien weiter Miguel D\u00edaz-Canel, Vice President des Ministerrats; der kubanische Au\u00dfenminister Bruno Rodr\u00edguez und der Minister f\u00fcr Wissenschaft, Technik und Umwelt, Elba Rosa P\u00e9rez, nach einer Version berichtet von der t\u00e4glichen &#8220;Granma&#8221;, &#8220;Juventud Rebelde&#8221; digital Editions und im Web offizielle Cubadebate.<\/p>\n<p>Diese Mittel umfassen die Rio + 20-Konferenz &#8220;erteile Kontinuit\u00e4t der Erdgipfel und andere hochrangigen Treffen, die im Bereich der nachhaltigen Entwicklung wurden gehalten in den letzten 20 Jahren&#8221;.<\/p>\n<p>Hundert der Staats- und Regierungschefs werden ab morgen auf dem presidential Gipfel der Vereinten Nationen f\u00fcr nachhaltige Entwicklung, Rio + 20-Konferenz teilnehmen.<\/p>\n<p>The 193 L\u00e4nder vertreten bei diesem Event genehmigt am Dienstag das Dokument &#8220;Die Zukunft, wir wollen&#8221;, ein Text, der gelobt, von den Vereinten Nationen und von Brasilien und von NGOs scharf angegriffen wurde.<\/p>\n<p>Der Pr\u00e4sident von Kuba, Ra\u00fal Castro. WireImage \/<\/p>\n","protected":false},"excerpt":{"rendered":"<p>Havanna, 20 jun (EFE).-der Pr\u00e4sident von Kuba, Ra\u00fal Castro, Teilnahme an der Konferenz der Vereinten Nationen f\u00fcr nachhaltige Entwicklung &#8220;Rio + 20&#8221;, findet bis 22.6. in Rio De Janeiro (Brasilien), offizielle Medien berichtet heute in Havanna. Ra\u00fal Castro reist nach Brasilien weiter Miguel D\u00edaz-Canel, Vice President des Ministerrats; der kubanische Au\u00dfenminister Bruno Rodr\u00edguez und der [&hellip;]<\/p>\n","protected":false},"author":1,"featured_media":0,"comment_status":"close","ping_status":"open","sticky":false,"template":"","format":"standard","meta":{"footnotes":""},"categories":[3],"tags":[48622],"class_list":["post-40474","post","type-post","status-publish","format-standard","hentry","category-allgemeine","tag-chvez-strahlentherapie","et-doesnt-have-format-content","et_post_format-et-post-format-standard"],"_links":{"self":[{"href":"https:\/\/www.best-dentist-dentistry.com\/de\/wp-json\/wp\/v2\/posts\/40474","targetHints":{"allow":["GET"]}}],"collection":[{"href":"https:\/\/www.best-dentist-dentistry.com\/de\/wp-json\/wp\/v2\/posts"}],"about":[{"href":"https:\/\/www.best-dentist-dentistry.com\/de\/wp-json\/wp\/v2\/types\/post"}],"author":[{"embeddable":true,"href":"https:\/\/www.best-dentist-dentistry.com\/de\/wp-json\/wp\/v2\/users\/1"}],"replies":[{"embeddable":true,"href":"https:\/\/www.best-dentist-dentistry.com\/de\/wp-json\/wp\/v2\/comments?post=40474"}],"version-history":[{"count":0,"href":"https:\/\/www.best-dentist-dentistry.com\/de\/wp-json\/wp\/v2\/posts\/40474\/revisions"}],"wp:attachment":[{"href":"https:\/\/www.best-dentist-dentistry.com\/de\/wp-json\/wp\/v2\/media?parent=40474"}],"wp:term":[{"taxonomy":"category","embeddable":true,"href":"https:\/\/www.best-dentist-dentistry.com\/de\/wp-json\/wp\/v2\/categories?post=40474"},{"taxonomy":"post_tag","embeddable":true,"href":"https:\/\/www.best-dentist-dentistry.com\/de\/wp-json\/wp\/v2\/tags?post=40474"}],"curies":[{"name":"wp","href":"https:\/\/api.w.org\/{rel}","templated":true}]}}