{"id":40495,"date":"2014-08-23T03:01:01","date_gmt":"2014-08-23T03:01:01","guid":{"rendered":null},"modified":"-0001-11-30T00:00:00","modified_gmt":"-0001-11-30T00:00:00","slug":"environment-defends-its-management-of-fires-in-spain","status":"publish","type":"post","link":"https:\/\/www.best-dentist-dentistry.com\/de\/environment-defends-its-management-of-fires-in-spain\/40495","title":{"rendered":"Umwelt verteidigt seine Verwaltung der Waldbr\u00e4nde in Spanien"},"content":{"rendered":"<p class=\"first\"> MADRID (Reuters) &#8211; der spanische Minister f\u00fcr Umwelt, Miguel Arias Ca\u00f1ete, verteidigte am Donnerstag die Verwaltung der Welle der Waldbr\u00e4nde, die Auswirkungen auf Spanien, eine Anspielung auf die besonders schwierigen Bedingungen in dieser Saison und verweigern Behauptungen, dass einige Gemeinden durch Schnitte vernachl\u00e4ssigt werden.<\/p>\n<p>Mehr als tausend Menschen sind aus ihren H\u00e4usern in La Gomera aufgrund eines Brandes, die dies nicht stabilisiert noch evakuiert, und drei Menschen starben in den Aufgaben des Aussterbens in Valencia in den Sommer-Br\u00e4nden, die verschiedenen Regionen in diesem Sommer getroffen haben.<\/p>\n<p>&#8220;Konnten wir alle Anforderungen der autonomen Gemeinschaften nachzukommen, und sogar in vielen F\u00e4llen haben wir Fortschritte gemacht&#8221;, sagte der Leiter der Landwirtschaft, Ern\u00e4hrung und Umwelt in einer Pressekonferenz.<\/p>\n<p>&#8220;Meine Aufgabe ist es, sicherzustellen, dass die autonomen Gemeinschaften haben die Mittel, damit der technischen Leitung entspricht aus ausschlie\u00dflich der autonomen Region&#8221;, sagte, darauf hingewiesen, dass der Haushalt des Ministeriums zu diesem Bereich gewidmet von 71 auf 74 Millionen Euro erh\u00f6ht hat.<\/p>\n<p>Als in diesem Jahr, haben 92 Prozent mehr Land von die Flammen verschlungen, als im Durchschnitt der letzten zehn Jahre, je nach Umgebung, ungebuchte Feuer f\u00fcr 12 Tage in La Gomera, wie 10 Prozent der Kanarischen Insel gegl\u00fcht.<\/p>\n<p>Das Feuer von La Gomera ist eine der wichtigsten, dieses Wochenende Oberfl\u00e4chen in Valencia, Galizien, Ciudad Real und den Kanarischen Inseln, mit einem Verh\u00e4ltnis von zwei Brigaden gefegt in Alicante und Tausende von Menschen get\u00f6tet und verbrannt Hektar.<\/p>\n<p>Der Regierung der Kanarischen Inseln gefragt in den letzten Tagen, dass eine permanente Wasserflugzeug-Basis in der Region ans\u00e4ssig ist, die derzeit einen Hubschrauber zur vorbeugenden.<\/p>\n<p>Canetes sagte jedoch, die seit Beginn des Feuers mehr Luft-Medien zur \u00f6rtlichen Verwaltung mehrfach angeboten hatte, und sagte in Zukunft \u00c4nderungen im Einsatz, sowohl auf nationaler und regionaler Ebene gepr\u00fcft werden kann.<\/p>\n<p>Insgesamt sieben Wasserflugzeuge und drei Hubschrauber arbeitete am Donnerstag erkl\u00e4rte in La Gomera, die begab sich dazu f\u00fchren, dass die Evakuierung von ein Viertel der Inselbev\u00f6lkerung und hat ein Zehntel von der Insel La Gomera gegl\u00fcht &#8211; 5.000 Personen, 900 davon auf dem Seeweg-, vor 12 Stunden von Anfang an.<\/p>\n<p>Erschien die Flammen, seine voraus geschickt haben, am Tag der Donnerstag, 1.360 Personen noch in der Lage, auf der Insel, in ihre Heimat zur\u00fcckkehren werden nach Angaben von den lokalen Beh\u00f6rden. Land- und Teams arbeiten am Donnerstag zu stabilisieren und K\u00fchlung Bereich nach Kanaren Notfalldienste.<\/p>\n<p>Festnahmen auf den Kanarischen Inseln<\/p>\n<p>In der Kanarischen Inseln Regierungsdelegation hatte angek\u00fcndigt, die Festnahme von mehreren Personen im Zusammenhang mit dem Feuer, so ein Sprecher, darauf hinweisen, dass es mehrere Linien der Forschung offen Donnerstag best\u00e4tigt gibt.<\/p>\n<p>Jedoch ein Sprecher der Polizei konnte nicht best\u00e4tigen, die Figur.<\/p>\n<p>Der Pr\u00e4sident der Kanarischen Regierung, Paulino Rivero, bat am Mittwoch effektiver zu staatlichen Sicherheitskr\u00e4ften das vermutete Feuer festzuhalten.<\/p>\n<p>In diesem Jahr bislang wurden verbrannt, mehr als 132.000 Hektar, mehr als doppelt so hoch als im letzten Jahr in Spanien. Arias Ca\u00f1ete Donnerstag beschrieb die Situation &#8220;besorgniserregend&#8221; und fordert B\u00fcrger zu Vorsichtsma\u00dfnahmen treffen, neue Br\u00e4nde zu verhindern.<\/p>\n<p>&#8220;Als durch Unachtsamkeit oder durch Vandalismus und Kriminalit\u00e4t auf einen Berg in Brand gesteckt werden, gibt es viele Menschen, das Leben in den Dienst der Gesellschaft zu gewinnen bringt&#8221;, sagte Minister.<\/p>\n<p>Der Tod von zwei Brigaden in Alicante gibt es den Tod letzten Monat eines Helikopter-Piloten beim Hinzuf\u00fcgen k\u00e4mpfte er noch ein Feuer in Valencia. Dar\u00fcber hinaus wurden vier Franzosen get\u00f6tet, bei zwei Br\u00e4nden in Gerona.<\/p>\n<p>Die spanische Regierung angek\u00fcndigt, die Versch\u00e4rfung der S\u00e4tze f\u00fcr die Entstehung von Waldbr\u00e4nden zu sechs Jahren Gef\u00e4ngnis und ein Maximum von neun Jahren, wenn die Flammen beeinflussen Naturschutzgebiete, die Verbrechen gegen die Umgebung entspricht werden.<\/p>\n<p>Cristina Fuentes-Cantillana \/di \/<\/p>\n","protected":false},"excerpt":{"rendered":"<p>MADRID (Reuters) &#8211; der spanische Minister f\u00fcr Umwelt, Miguel Arias Ca\u00f1ete, verteidigte am Donnerstag die Verwaltung der Welle der Waldbr\u00e4nde, die Auswirkungen auf Spanien, eine Anspielung auf die besonders schwierigen Bedingungen in dieser Saison und verweigern Behauptungen, dass einige Gemeinden durch Schnitte vernachl\u00e4ssigt werden. Mehr als tausend Menschen sind aus ihren H\u00e4usern in La Gomera [&hellip;]<\/p>\n","protected":false},"author":1,"featured_media":0,"comment_status":"close","ping_status":"open","sticky":false,"template":"","format":"standard","meta":{"footnotes":""},"categories":[3],"tags":[48628],"class_list":["post-40495","post","type-post","status-publish","format-standard","hentry","category-allgemeine","tag-behindernde","et-doesnt-have-format-content","et_post_format-et-post-format-standard"],"_links":{"self":[{"href":"https:\/\/www.best-dentist-dentistry.com\/de\/wp-json\/wp\/v2\/posts\/40495","targetHints":{"allow":["GET"]}}],"collection":[{"href":"https:\/\/www.best-dentist-dentistry.com\/de\/wp-json\/wp\/v2\/posts"}],"about":[{"href":"https:\/\/www.best-dentist-dentistry.com\/de\/wp-json\/wp\/v2\/types\/post"}],"author":[{"embeddable":true,"href":"https:\/\/www.best-dentist-dentistry.com\/de\/wp-json\/wp\/v2\/users\/1"}],"replies":[{"embeddable":true,"href":"https:\/\/www.best-dentist-dentistry.com\/de\/wp-json\/wp\/v2\/comments?post=40495"}],"version-history":[{"count":0,"href":"https:\/\/www.best-dentist-dentistry.com\/de\/wp-json\/wp\/v2\/posts\/40495\/revisions"}],"wp:attachment":[{"href":"https:\/\/www.best-dentist-dentistry.com\/de\/wp-json\/wp\/v2\/media?parent=40495"}],"wp:term":[{"taxonomy":"category","embeddable":true,"href":"https:\/\/www.best-dentist-dentistry.com\/de\/wp-json\/wp\/v2\/categories?post=40495"},{"taxonomy":"post_tag","embeddable":true,"href":"https:\/\/www.best-dentist-dentistry.com\/de\/wp-json\/wp\/v2\/tags?post=40495"}],"curies":[{"name":"wp","href":"https:\/\/api.w.org\/{rel}","templated":true}]}}