{"id":4065,"date":"2012-03-07T10:00:56","date_gmt":"2012-03-07T10:00:56","guid":{"rendered":null},"modified":"-0001-11-30T00:00:00","modified_gmt":"-0001-11-30T00:00:00","slug":"several-affected-reported-that-hospitals-not-attend-them-to-pip-prosthesis","status":"publish","type":"post","link":"https:\/\/www.best-dentist-dentistry.com\/de\/several-affected-reported-that-hospitals-not-attend-them-to-pip-prosthesis\/4065","title":{"rendered":"Mehrere betroffene berichtet, dass Krankenh\u00e4user nicht sie PIP Prothese besuchen"},"content":{"rendered":"<p class=\"first\"> Valencia, 7 M\u00e4r (EFE).-beeinflusst durch die Milch-Prothese PIP haben angeprangert, dass in \u00f6ffentlichen Krankenh\u00e4usern in der Comunitat Valenciana und &#8220;restriktive Auftrag des Ministeriums f\u00fcr Gesundheit&#8221; Gesundheit &#8220;durch die einfache Tatsache, dass Fluggesellschaften diese Implantate&#8221; verweigert wird.<\/p>\n<p>&#8220;Wir vermissen wie farbpalettenartig aus&#8221; und &#8220;nur zum Tragen der Prothese&#8221; haben versichert EFE der Pr\u00e4sident und der Vizepr\u00e4sident der nationalen Vereinigung der betroffenen von PIP (ANAP), Eva Gim\u00e9nez und Lola Garc\u00eda Prothesen bzw..<\/p>\n<p>Inzwischen Quellen aus dem Gesundheitsministerium berichtet, dass nach Auftreten die Warnung aktiviert ist ein Kostenloses Handy f\u00fcr Frauen, die hatte Zweifel am PIP Implantate und wurde empfohlen, die die Desconocieran die Herkunft der Prothese und an ein Zentrum private Anfrage Termin mit Ihrem Chirurgen abgefangen wurden.<\/p>\n<p>F\u00fcr den Fall, dass das nicht m\u00f6glich Kontakt mit dem Chirurgen, der sie betrieben, Gesundheit setzen f\u00fcr die betroffenen drei Abfragen-Referenz zu informieren und bestimmen in jedem Fall Muster zu folgen zur Verf\u00fcgung.<\/p>\n<p>Dar\u00fcber hinaus Gesundheit erinnerte, dass Chirurgie f\u00fcr \u00e4sthetische Zwecke &#8220;f\u00e4llt nicht in das Portfolio der Dienstleistungen des \u00f6ffentlichen Gesundheitswesens&#8221; und daher &#8220;die subsidi\u00e4re Verantwortung der Implementierung entspricht der Klinik und der Chirurg, die seinerzeit die Prothese implantiert&#8221;.<\/p>\n<p>Die betroffenen haben daf\u00fcr gesorgt, dass es Versto\u00df gegen die Einigung der technische Ausschuss der Inspektion der Agentur f\u00fcr Arzneimittel und Gesundheitsprodukte in dem Wert Gelegenheit zur Festlegung der Einheiten des Verweises Adressierung Frauen mit Prothesen, die nicht zu privaten Kliniken gehen k\u00f6nnen, die im Januar eingef\u00fchrt wurden.<\/p>\n<p>&#8220;Heute sind die betroffene sind Einheit von jeder Provinz Brust Verweisung Krankenh\u00e4user Adressierung, aber wir nicht ansprechen und haben strenge Auftr\u00e4ge der Gesundheit, das geschehen von der Prothese auswirken wird, Lola Garc\u00eda zugesichert hat.<\/p>\n<p>Laut Garc\u00eda, am Montag einer der betroffenen wurde in die Notaufnahme eines Krankenhauses-Zentrums &#8220;mit Fieber, eine bedauerliche Gesundheit und unertr\u00e4glichen Schmerzen&#8221; weil einer der Prothese &#8220;w\u00e4hrend einer Mammographie vor einem Jahr brach und war gekippt&#8221;.<\/p>\n<p>Wie dargelegt, im Teil des Notfall wies als Grund, ihre Aufmerksamkeit auf das Krankenhaus abzulehnen, die einen &#8220;medizinischen Auftrag&#8221; und die Diagnose war angibt, dass es eine &#8220;Patienten mit gebrochenen Prothese PIP&#8221; und bezieht sich auf the Primary Care Physician.<\/p>\n<p>&#8220;War die Brust und wurde gesagt, dass als PIP und von Gesundheit nicht tun konnte&#8221;, sagte Eva Gim\u00e9nez, die hinzugef\u00fcgt, die nicht ausgef\u00fchrt Sie &#8220;weder Ultraschall noch Analyse.&#8221; &#8220;Verweigerung der Pflege&#8221;.<\/p>\n<p>Verantwortlich f\u00fcr die Zuordnung haben angeprangert, dass diese gleichen Fall in anderen Regierung der valencianischen Gemeinschaft Krankenh\u00e4user aufgetreten ist<\/p>\n<p>Die betroffenen Anw\u00e4lte bereiten einen Bericht, geliefert an den Minister f\u00fcr Gesundheit und der Minister f\u00fcr Gesundheit, Ana Mato, Valencia, Luis Rosado, die fordern, dass er mit betroffenen L\u00f6sungen zu finden.<\/p>\n<p>&#8220;Wir k\u00f6nnen sagen, was wir k\u00f6nnen&#8221;, sagte Gimenez.<\/p>\n","protected":false},"excerpt":{"rendered":"<p>Valencia, 7 M\u00e4r (EFE).-beeinflusst durch die Milch-Prothese PIP haben angeprangert, dass in \u00f6ffentlichen Krankenh\u00e4usern in der Comunitat Valenciana und &#8220;restriktive Auftrag des Ministeriums f\u00fcr Gesundheit&#8221; Gesundheit &#8220;durch die einfache Tatsache, dass Fluggesellschaften diese Implantate&#8221; verweigert wird. &#8220;Wir vermissen wie farbpalettenartig aus&#8221; und &#8220;nur zum Tragen der Prothese&#8221; haben versichert EFE der Pr\u00e4sident und der Vizepr\u00e4sident [&hellip;]<\/p>\n","protected":false},"author":1,"featured_media":0,"comment_status":"close","ping_status":"open","sticky":false,"template":"","format":"standard","meta":{"footnotes":""},"categories":[3],"tags":[12838,12839,12837],"class_list":["post-4065","post","type-post","status-publish","format-standard","hentry","category-allgemeine","tag-betroffene","tag-pip-prothese","tag-umleiten","et-doesnt-have-format-content","et_post_format-et-post-format-standard"],"_links":{"self":[{"href":"https:\/\/www.best-dentist-dentistry.com\/de\/wp-json\/wp\/v2\/posts\/4065","targetHints":{"allow":["GET"]}}],"collection":[{"href":"https:\/\/www.best-dentist-dentistry.com\/de\/wp-json\/wp\/v2\/posts"}],"about":[{"href":"https:\/\/www.best-dentist-dentistry.com\/de\/wp-json\/wp\/v2\/types\/post"}],"author":[{"embeddable":true,"href":"https:\/\/www.best-dentist-dentistry.com\/de\/wp-json\/wp\/v2\/users\/1"}],"replies":[{"embeddable":true,"href":"https:\/\/www.best-dentist-dentistry.com\/de\/wp-json\/wp\/v2\/comments?post=4065"}],"version-history":[{"count":0,"href":"https:\/\/www.best-dentist-dentistry.com\/de\/wp-json\/wp\/v2\/posts\/4065\/revisions"}],"wp:attachment":[{"href":"https:\/\/www.best-dentist-dentistry.com\/de\/wp-json\/wp\/v2\/media?parent=4065"}],"wp:term":[{"taxonomy":"category","embeddable":true,"href":"https:\/\/www.best-dentist-dentistry.com\/de\/wp-json\/wp\/v2\/categories?post=4065"},{"taxonomy":"post_tag","embeddable":true,"href":"https:\/\/www.best-dentist-dentistry.com\/de\/wp-json\/wp\/v2\/tags?post=4065"}],"curies":[{"name":"wp","href":"https:\/\/api.w.org\/{rel}","templated":true}]}}