{"id":4068,"date":"2012-03-07T18:00:08","date_gmt":"2012-03-07T18:00:08","guid":{"rendered":null},"modified":"-0001-11-30T00:00:00","modified_gmt":"-0001-11-30T00:00:00","slug":"the-flisa-group-adheres-to-the-global-compact-spanish-network","status":"publish","type":"post","link":"https:\/\/www.best-dentist-dentistry.com\/de\/the-flisa-group-adheres-to-the-global-compact-spanish-network\/4068","title":{"rendered":"Flisa Gruppe h\u00e4lt sich an das globale Netzwerk der kompakte Spanisch."},"content":{"rendered":"<p><strong>Der Gruppe Flisa tritt das globale compact spanische Netz. <\/p>\n<p><\/strong> <br \/><font   size=\"2\">-der Global Compact ist eine UN-Initiative f\u00fcr Unternehmen und Institutionen f\u00f6rdern sozialen Verantwortung <\/p>\n<p>-Flisa ist die Fundaci\u00f3n ONCE in Spanien Unternehmen im Bereich Industrielle W\u00e4scherei f\u00fchrenden <\/p>\n<p> <strong>Madrid, M\u00e4rz 2012.-<\/strong> El Gruppe Flisa unterzeichnete den Beitritt zu den<\/font> <font   size=\"2\"> Global compact spanische Netz<\/font> <font   size=\"2\">, und f\u00fcgt zu den mehr als 1.500 Unternehmen und Institutionen, die so getan haben <\/p>\n<p>Der Global Compact ist eine internationale Initiative, die von den Vereinten Nationen. Sein Ziel ist eine freiwillige Selbstverpflichtung der unterzeichnenden Organe in soziale Verantwortung durch die Implantation von &#8216; zehn Prinzipien &#8217; basierend auf Menschenrechte, Arbeit, Normen, Umwelt und Korruptionsbek\u00e4mpfung. <\/p>\n<p>Ist die Mitgliedschaft f\u00fcr die Gruppe Flisa Praktiken seit ihrer Gr\u00fcndung \u00f6ffentlich nachzuweisen: Generation der Qualit\u00e4t der Besch\u00e4ftigung f\u00fcr Behinderte, technologische Innovation, Umweltschutz abzielen. <\/p>\n<p>Von diesem Moment, werden Gesellschaften der Gruppe Flisa Teil eine Reihe wichtiger Akteure, die auch f\u00fcr diese Initiative entschieden haben: Unternehmen, NRO, Gewerkschaften, akademischen Institutionen und sozialen Einrichtungen. <\/p>\n<p>Aktivit\u00e4ten organisiert von der global compact spanische Netz erm\u00f6glichen den Austausch von Erfahrungen und Verfahren, die F\u00f6rderung die Beteiligung und Einbeziehung der Unternehmen und andere Organisationen in die Idee, eine bedeutende \u00c4nderung in der Gesellschaft. <\/p>\n<p><\/font><font size=\"2\"> <strong>auf Flisa <br \/><\/strong> <br \/> Flisa ist das Netz der industriellen W\u00e4schereien und Vermietung von Textilien erstellt im Jahr 1990 von der Fundosa Gruppe der Gesellschaft gef\u00f6rdert von Fundaci\u00f3n ONCE f\u00fcr die Schaffung von stabilen Arbeitspl\u00e4tzen und Qualit\u00e4t f\u00fcr Menschen mit Behinderungen. <\/p>\n<p>Flisa W\u00e4schereien sind in jenen gesch\u00fctzt, die mehr als 3.000 Arbeitnehmer, von denen mehr als 87 Prozent Menschen mit Behinderungen sind arbeiten. Derzeit Flisa hat 31 eigene industrielle W\u00e4schereien und landesweiten Abdeckung bietet. Jedes Jahr diese Zentren verarbeitet mehr als 150 Millionen Kilogramm an Kleidung in ihren Einrichtungen und das Ausma\u00df dieses Projektes wurde m\u00f6glich dank einer finanziellen Anstrengung, \u00fcber 150 Millionen Euro Investitionen. <\/p>\n<p><\/font><\/p>\n","protected":false},"excerpt":{"rendered":"<p>Der Gruppe Flisa tritt das globale compact spanische Netz. -der Global Compact ist eine UN-Initiative f\u00fcr Unternehmen und Institutionen f\u00f6rdern sozialen Verantwortung -Flisa ist die Fundaci\u00f3n ONCE in Spanien Unternehmen im Bereich Industrielle W\u00e4scherei f\u00fchrenden Madrid, M\u00e4rz 2012.- El Gruppe Flisa unterzeichnete den Beitritt zu den Global compact spanische Netz , und f\u00fcgt zu den [&hellip;]<\/p>\n","protected":false},"author":1,"featured_media":0,"comment_status":"close","ping_status":"open","sticky":false,"template":"","format":"standard","meta":{"footnotes":""},"categories":[3],"tags":[12849,12850,12851,12852,12853],"class_list":["post-4068","post","type-post","status-publish","format-standard","hentry","category-allgemeine","tag-eidgenossenschaft","tag-hlt","tag-kompakte","tag-spanisch","tag-spanischen","et-doesnt-have-format-content","et_post_format-et-post-format-standard"],"_links":{"self":[{"href":"https:\/\/www.best-dentist-dentistry.com\/de\/wp-json\/wp\/v2\/posts\/4068","targetHints":{"allow":["GET"]}}],"collection":[{"href":"https:\/\/www.best-dentist-dentistry.com\/de\/wp-json\/wp\/v2\/posts"}],"about":[{"href":"https:\/\/www.best-dentist-dentistry.com\/de\/wp-json\/wp\/v2\/types\/post"}],"author":[{"embeddable":true,"href":"https:\/\/www.best-dentist-dentistry.com\/de\/wp-json\/wp\/v2\/users\/1"}],"replies":[{"embeddable":true,"href":"https:\/\/www.best-dentist-dentistry.com\/de\/wp-json\/wp\/v2\/comments?post=4068"}],"version-history":[{"count":0,"href":"https:\/\/www.best-dentist-dentistry.com\/de\/wp-json\/wp\/v2\/posts\/4068\/revisions"}],"wp:attachment":[{"href":"https:\/\/www.best-dentist-dentistry.com\/de\/wp-json\/wp\/v2\/media?parent=4068"}],"wp:term":[{"taxonomy":"category","embeddable":true,"href":"https:\/\/www.best-dentist-dentistry.com\/de\/wp-json\/wp\/v2\/categories?post=4068"},{"taxonomy":"post_tag","embeddable":true,"href":"https:\/\/www.best-dentist-dentistry.com\/de\/wp-json\/wp\/v2\/tags?post=4068"}],"curies":[{"name":"wp","href":"https:\/\/api.w.org\/{rel}","templated":true}]}}