{"id":40683,"date":"2014-09-06T03:13:30","date_gmt":"2014-09-06T03:13:30","guid":{"rendered":null},"modified":"-0001-11-30T00:00:00","modified_gmt":"-0001-11-30T00:00:00","slug":"authorities-in-the-region-pose-promote-and-valorize-andean-seeds","status":"publish","type":"post","link":"https:\/\/www.best-dentist-dentistry.com\/de\/authorities-in-the-region-pose-promote-and-valorize-andean-seeds\/40683","title":{"rendered":"Beh\u00f6rden in der Region Pose f\u00f6rdern und Anden Samen aufgewertet"},"content":{"rendered":"<p class=\"first\"> Lima, 18 Okt (EFE).-die Beh\u00f6rden in Peru, Ecuador, Kolumbien und Bolivien ausgel\u00f6st, um die Samen und Getreide der Anden zu sch\u00fctzen, Sicherheit zu gew\u00e4hrleisten und Ern\u00e4hrungssouver\u00e4nit\u00e4t in der Region, berichtet heute die Anden-Gemeinschaft (CAN).<\/p>\n<p>W\u00e4hrend das Forum &#8220;Saatgut und Lebensmittel Souver\u00e4nit\u00e4t, ancestral Erbe der indigenen V\u00f6lker&#8221;, gehalten am letzten Mittwoch in der Dose, diskutiert und Strategien zu verbessern, f\u00f6rdern und diese Anden-Produkte zu retten.<\/p>\n<p>Nach dem Generalsekret\u00e4r des CAN, Adalid Contreras, &#8220;2013, erkl\u00e4rt Internationales Jahr der Quinoa, sollte man das Jahr der Anden-Lebensmittel-Produktion f\u00fcr unsere B\u00fcrger und die Welt&#8221;.<\/p>\n<p>Alte Samen, die &#8220;nicht&#8221;unter wirtschaftlichen Interesse transnationale wie derzeit vorgesehen mit GVO &#8220;verschwinden&#8221; k\u00f6nnen ist wichtig f\u00fcr die Botschafter von Bolivien in Lima, Jorge Ledezma,.<\/p>\n<p>F\u00fcr seinen Teil, der Botschafter Kolumbiens, Luis P\u00e9rez, sagte, dass sein Land vor Autoabastec\u00eda Essen, aber diese Situation durch innere Gewalt ge\u00e4ndert.<\/p>\n<p>Der Vertreter der Ern\u00e4hrungs- und Landwirtschaftsorganisation (FAO) in Peru, John Preissing, sagte, dass Lateinamerika die Region ist wo weitere Fortschritte im Bereich der Lebensmittelsicherheit und Eingliederung gegeben hat.<\/p>\n<p>&#8220;Ich w\u00fcrde sagen, dass alle die Anden-L\u00e4ndern die gleiche Herausforderung stellen, erstens eine bessere Produktion und bessere Qualit\u00e4t und dann einen besseren Verbrauch haben&#8221;, sagte Preissing. EFE<\/p>\n","protected":false},"excerpt":{"rendered":"<p>Lima, 18 Okt (EFE).-die Beh\u00f6rden in Peru, Ecuador, Kolumbien und Bolivien ausgel\u00f6st, um die Samen und Getreide der Anden zu sch\u00fctzen, Sicherheit zu gew\u00e4hrleisten und Ern\u00e4hrungssouver\u00e4nit\u00e4t in der Region, berichtet heute die Anden-Gemeinschaft (CAN). W\u00e4hrend das Forum &#8220;Saatgut und Lebensmittel Souver\u00e4nit\u00e4t, ancestral Erbe der indigenen V\u00f6lker&#8221;, gehalten am letzten Mittwoch in der Dose, diskutiert und [&hellip;]<\/p>\n","protected":false},"author":1,"featured_media":0,"comment_status":"close","ping_status":"open","sticky":false,"template":"","format":"standard","meta":{"footnotes":""},"categories":[3],"tags":[48733,48735,48731,48732,48734],"class_list":["post-40683","post","type-post","status-publish","format-standard","hentry","category-allgemeine","tag-anden","tag-aufgewertet","tag-infarkt-prognose","tag-region-pose","tag-samen","et-doesnt-have-format-content","et_post_format-et-post-format-standard"],"_links":{"self":[{"href":"https:\/\/www.best-dentist-dentistry.com\/de\/wp-json\/wp\/v2\/posts\/40683","targetHints":{"allow":["GET"]}}],"collection":[{"href":"https:\/\/www.best-dentist-dentistry.com\/de\/wp-json\/wp\/v2\/posts"}],"about":[{"href":"https:\/\/www.best-dentist-dentistry.com\/de\/wp-json\/wp\/v2\/types\/post"}],"author":[{"embeddable":true,"href":"https:\/\/www.best-dentist-dentistry.com\/de\/wp-json\/wp\/v2\/users\/1"}],"replies":[{"embeddable":true,"href":"https:\/\/www.best-dentist-dentistry.com\/de\/wp-json\/wp\/v2\/comments?post=40683"}],"version-history":[{"count":0,"href":"https:\/\/www.best-dentist-dentistry.com\/de\/wp-json\/wp\/v2\/posts\/40683\/revisions"}],"wp:attachment":[{"href":"https:\/\/www.best-dentist-dentistry.com\/de\/wp-json\/wp\/v2\/media?parent=40683"}],"wp:term":[{"taxonomy":"category","embeddable":true,"href":"https:\/\/www.best-dentist-dentistry.com\/de\/wp-json\/wp\/v2\/categories?post=40683"},{"taxonomy":"post_tag","embeddable":true,"href":"https:\/\/www.best-dentist-dentistry.com\/de\/wp-json\/wp\/v2\/tags?post=40683"}],"curies":[{"name":"wp","href":"https:\/\/api.w.org\/{rel}","templated":true}]}}