{"id":40719,"date":"2014-09-06T03:20:40","date_gmt":"2014-09-06T03:20:40","guid":{"rendered":null},"modified":"-0001-11-30T00:00:00","modified_gmt":"-0001-11-30T00:00:00","slug":"Massive-Track-am-zweiten-Tag-des-Streiks-der-Apotheken-in-Valencia","status":"publish","type":"post","link":"https:\/\/www.best-dentist-dentistry.com\/de\/Massive-Track-am-zweiten-Tag-des-Streiks-der-Apotheken-in-Valencia\/40719","title":{"rendered":"Massive Track am zweiten Tag des Streiks der Apotheken in Valencia"},"content":{"rendered":"<p class=\"first\"> Valencia, 6 nov (EFE).-der zweite Tag der einen unbefristeten Streik von Apotheken aus Protest aufgerufen, f\u00fcr die Schulden von 450 Millionen Euro, die ihnen die Regierung h\u00e4lt &#8220;normal&#8221; entwickelt und wurden von fast allen bef\u00fcrwortet befreien minimale Serviceb\u00fcros.<\/p>\n<p>Haben somit gew\u00e4hrleistet es EfE Quellen des College of Apotheker von Valencia, wer darauf hingewiesen haben, dass die Schlie\u00dfung von zwei alle drei Apotheken in der Region entwickelt ohne Zwischenfall vor allem nach seinen Angaben, wurden geschlossen, die 98,5 Prozent der B\u00fcros, die it. tun k\u00f6nnte<\/p>\n<p>Jedoch haben angedeutet, dass Drogeriem\u00e4rkten nun \u00f6ffnen, erhalten eine gr\u00f6\u00dfere Anzahl von \u00f6ffentlichen und einige von ihnen bereits an Mangel an bestimmte Medikamente leiden, die nicht dienen k\u00f6nnen, die sie verklagt werden, Patienten ist<\/p>\n<p>Ihrerseits haben das Ministerium f\u00fcr Gesundheit Quellen hingewiesen, Efe, die Mindestleistungen, 30 Prozent, &#8220;sind erf\u00fcllt,&#8221; und die &#8220;hat bisher keine Auswirkung auf Schlie\u00dfung Track oder Versorgung der Apotheken von H\u00e4ndlern&#8221;.<\/p>\n<p>Protest begann gestern mit eine nahezu vollst\u00e4ndige Unterst\u00fctzung der Apotheken in der Region Valencia und Apotheker gewarnt, dass Schulden, die sie die Regionalverwaltung h\u00e4lt der Beschlagnahme der halbe Tausend B\u00fcros im Dezember f\u00fchren k\u00f6nnte.<\/p>\n<p>Valencia Apotheken, 2.400 in der gesamten Region wurde in drei Bl\u00f6cke unterteilt und jede einzelne davon ihnen zugewiesen wurde ein Tag der Schlie\u00dfung, einschlie\u00dflich die B\u00fcros um 24 Stunden zu \u00f6ffnen, w\u00e4hrend Wochenenden weiterhin normale Wachen Zeitpl\u00e4ne werden.<\/p>\n<p>La Conselleria de Sanidad aktiviert Tel. 900.10.10.81 Fragen mit Bezug zu den Lockout der Apotheken.<\/p>\n<p>Auch &#8220;garantiert Zugang zu Medikamenten f\u00fcr die B\u00fcrger&#8221; und er erinnerte daran, dass sie den Apotheken-Open in allen Krankenh\u00e4usern, Gesundheitszentren und Rath\u00e4user besuchen.<\/p>\n<p>Der Gesundheitsminister, Luis Rosado, sagte heute zu Efe in Br\u00fcssel, wo er eine Konferenz \u00fcber die Alterung der europ\u00e4ischen Bev\u00f6lkerung besuchte, dass es nicht glaubt, dass der Streik einen Mangel an Drogen verursachen wird.<\/p>\n<p>Rosado f\u00fcgte hinzu, dass der Streik begann &#8220;keine bedeutende Tatsache, die jeder B\u00fcrger seit um seine Medikamente verhindert hat&#8221;.<\/p>\n","protected":false},"excerpt":{"rendered":"<p>Valencia, 6 nov (EFE).-der zweite Tag der einen unbefristeten Streik von Apotheken aus Protest aufgerufen, f\u00fcr die Schulden von 450 Millionen Euro, die ihnen die Regierung h\u00e4lt &#8220;normal&#8221; entwickelt und wurden von fast allen bef\u00fcrwortet befreien minimale Serviceb\u00fcros. Haben somit gew\u00e4hrleistet es EfE Quellen des College of Apotheker von Valencia, wer darauf hingewiesen haben, dass [&hellip;]<\/p>\n","protected":false},"author":1,"featured_media":0,"comment_status":"close","ping_status":"open","sticky":false,"template":"","format":"standard","meta":{"footnotes":""},"categories":[3],"tags":[],"class_list":["post-40719","post","type-post","status-publish","format-standard","hentry","category-allgemeine","et-doesnt-have-format-content","et_post_format-et-post-format-standard"],"_links":{"self":[{"href":"https:\/\/www.best-dentist-dentistry.com\/de\/wp-json\/wp\/v2\/posts\/40719","targetHints":{"allow":["GET"]}}],"collection":[{"href":"https:\/\/www.best-dentist-dentistry.com\/de\/wp-json\/wp\/v2\/posts"}],"about":[{"href":"https:\/\/www.best-dentist-dentistry.com\/de\/wp-json\/wp\/v2\/types\/post"}],"author":[{"embeddable":true,"href":"https:\/\/www.best-dentist-dentistry.com\/de\/wp-json\/wp\/v2\/users\/1"}],"replies":[{"embeddable":true,"href":"https:\/\/www.best-dentist-dentistry.com\/de\/wp-json\/wp\/v2\/comments?post=40719"}],"version-history":[{"count":0,"href":"https:\/\/www.best-dentist-dentistry.com\/de\/wp-json\/wp\/v2\/posts\/40719\/revisions"}],"wp:attachment":[{"href":"https:\/\/www.best-dentist-dentistry.com\/de\/wp-json\/wp\/v2\/media?parent=40719"}],"wp:term":[{"taxonomy":"category","embeddable":true,"href":"https:\/\/www.best-dentist-dentistry.com\/de\/wp-json\/wp\/v2\/categories?post=40719"},{"taxonomy":"post_tag","embeddable":true,"href":"https:\/\/www.best-dentist-dentistry.com\/de\/wp-json\/wp\/v2\/tags?post=40719"}],"curies":[{"name":"wp","href":"https:\/\/api.w.org\/{rel}","templated":true}]}}