{"id":40731,"date":"2014-09-06T03:22:01","date_gmt":"2014-09-06T03:22:01","guid":{"rendered":null},"modified":"-0001-11-30T00:00:00","modified_gmt":"-0001-11-30T00:00:00","slug":"chile-turns-a-mass-vaccination-before-an-alarm-by-cases-of-meningitis","status":"publish","type":"post","link":"https:\/\/www.best-dentist-dentistry.com\/de\/chile-turns-a-mass-vaccination-before-an-alarm-by-cases-of-meningitis\/40731","title":{"rendered":"chile turns a mass vaccination before an alarm by cases of meningitis"},"content":{"rendered":"<p class=\"first\"> Santiago de Chile, 11 nov (EFE).-die chilenische Regierung startet Montag eine Kampagne der Massenimpfung von Kindern vor den Alarm ausgel\u00f6st durch die Pr\u00e4valenz der Krankheit verursacht durch die Belastung des W-135 Meningokokken-Meningitis, die in diesem Jahr hat zehn Todesopfer.<\/p>\n<p>Der Gesundheitsminister, Jaime Ma\u00f1alich, leitete diesen Sonntag die Einrichtung einer Arbeitsgruppe genannt den &#8220;Aktionsplan W-135&#8221; neben der Vertretung in Chile von der Weltgesundheitsorganisation (who), Jos\u00e9 Antonio Pag\u00e9s und anderen Beh\u00f6rden in diesem Bereich.<\/p>\n<p>Der Besitzer der Gesundheit best\u00e4tigt, dass die Regierung den Erwerb von 1,9 Millionen Impfstoffe gegen die Belastung, die kostenlos f\u00fcr Kinder von landesweit mehr als 9 Monate und unter 5 Jahren gelten &#8220;gesperrt&#8221; hat.<\/p>\n<p>Ma\u00f1alich sagte gestern, dass der massive Kauf von Impfstoffen gef\u00fchrt hat, auch f\u00fcr &#8220;die Welt-Aktie zum Abbau&#8221; dieser Art von Impfstoff.<\/p>\n<p>Die erste Impfung hat bereits in der Gemeinde Santiago Pe\u00f1alol\u00e9n, aber diese Woche wird das pr\u00e4ventive Programm in der Metropolregion sowie die Valparaiso, beide in der Mitte des Landes und in denen die F\u00e4lle konzentriert wurden erweitert werden.<\/p>\n<p>Januar des Prozesses mit dem Rest des Landes erweitern wird, sodass Kinder dieser Altersgruppe bilden die wichtigste Risikogruppe gesch\u00fctzt sind, bevor sie im Winter (Austral) erreicht.<\/p>\n<p>Gegen\u00fcber bisher gab 99 F\u00e4lle von Meningitis, best\u00e4tigt durch das Land, den Median 90 F\u00e4llen zwischen 2007 und 2011. Insgesamt 45 entsprechen der W-135-Stamm, und zehn davon endete mit dem Tod des betroffenen.<\/p>\n<p>Seiten kam am 20 November erreichen Chile-Experten, und die Pan American Health Organization (PAHO), ebenso wie das Control Center und die Vermeidung von Atlanta, um die Situation zu analysieren, Erfahrungen auszutauschen und F\u00e4llen in anderen L\u00e4ndern verhindern.<\/p>\n<p>Als Direktor der staatlichen Institut der Gesundheit-\u00d6ffentlichkeit, Mar\u00eda Teresa Valenzuela, erkl\u00e4rte, dass die W-135-Belastung an der Kehle des Volkes gehostet wird und das wird durch Tr\u00f6pfchen von Speichel, \u00fcbertragen, so ist es kein infekti\u00f6ses Agens, die in der Luft zirkulieren.<\/p>\n<p>Die h\u00e4ufigsten Symptome sind hohes Fieber, Kopfschmerzen und Erbrechen, sagte.<\/p>\n<p>Meningitis betrifft die Membranen des Gehirns und des R\u00fcckenmarks und ist verantwortlich f\u00fcr 50.000 Todesf\u00e4lle und 500.000 F\u00e4lle j\u00e4hrlich in der Welt, nach Angaben der Weltgesundheitsorganisation (who).<\/p>\n<p>Chile, zusammen mit Argentinien, Brasilien und Uruguay, geh\u00f6rt zu den lateinamerikanischen L\u00e4ndern mit h\u00f6heren Raten der Inzidenz, w\u00e4hrend die niedrigste in Mexiko, Zentralamerika und die karibischen Staaten befinden.<\/p>\n<p>Die erste Impfung hat bereits in der Gemeinde Santiago Pe\u00f1alol\u00e9n, aber diese Woche wird das pr\u00e4ventive Programm in der Metropolregion, sowie die Valparaiso, beide in der Mitte des Landes und in denen die F\u00e4lle konzentriert wurden erweitert werden. WireImage \/<\/p>\n","protected":false},"excerpt":{"rendered":"<p>Santiago de Chile, 11 nov (EFE).-die chilenische Regierung startet Montag eine Kampagne der Massenimpfung von Kindern vor den Alarm ausgel\u00f6st durch die Pr\u00e4valenz der Krankheit verursacht durch die Belastung des W-135 Meningokokken-Meningitis, die in diesem Jahr hat zehn Todesopfer. Der Gesundheitsminister, Jaime Ma\u00f1alich, leitete diesen Sonntag die Einrichtung einer Arbeitsgruppe genannt den &#8220;Aktionsplan W-135&#8221; neben [&hellip;]<\/p>\n","protected":false},"author":1,"featured_media":0,"comment_status":"close","ping_status":"open","sticky":false,"template":"","format":"standard","meta":{"footnotes":""},"categories":[3],"tags":[48773],"class_list":["post-40731","post","type-post","status-publish","format-standard","hentry","category-allgemeine","tag-auszuben","et-doesnt-have-format-content","et_post_format-et-post-format-standard"],"_links":{"self":[{"href":"https:\/\/www.best-dentist-dentistry.com\/de\/wp-json\/wp\/v2\/posts\/40731","targetHints":{"allow":["GET"]}}],"collection":[{"href":"https:\/\/www.best-dentist-dentistry.com\/de\/wp-json\/wp\/v2\/posts"}],"about":[{"href":"https:\/\/www.best-dentist-dentistry.com\/de\/wp-json\/wp\/v2\/types\/post"}],"author":[{"embeddable":true,"href":"https:\/\/www.best-dentist-dentistry.com\/de\/wp-json\/wp\/v2\/users\/1"}],"replies":[{"embeddable":true,"href":"https:\/\/www.best-dentist-dentistry.com\/de\/wp-json\/wp\/v2\/comments?post=40731"}],"version-history":[{"count":0,"href":"https:\/\/www.best-dentist-dentistry.com\/de\/wp-json\/wp\/v2\/posts\/40731\/revisions"}],"wp:attachment":[{"href":"https:\/\/www.best-dentist-dentistry.com\/de\/wp-json\/wp\/v2\/media?parent=40731"}],"wp:term":[{"taxonomy":"category","embeddable":true,"href":"https:\/\/www.best-dentist-dentistry.com\/de\/wp-json\/wp\/v2\/categories?post=40731"},{"taxonomy":"post_tag","embeddable":true,"href":"https:\/\/www.best-dentist-dentistry.com\/de\/wp-json\/wp\/v2\/tags?post=40731"}],"curies":[{"name":"wp","href":"https:\/\/api.w.org\/{rel}","templated":true}]}}