{"id":40733,"date":"2014-09-06T03:22:12","date_gmt":"2014-09-06T03:22:12","guid":{"rendered":null},"modified":"-0001-11-30T00:00:00","modified_gmt":"-0001-11-30T00:00:00","slug":"the-ec-proposes-to-suspend-one-year-rate-for-co2-emissions-on-some-flights","status":"publish","type":"post","link":"https:\/\/www.best-dentist-dentistry.com\/de\/the-ec-proposes-to-suspend-one-year-rate-for-co2-emissions-on-some-flights\/40733","title":{"rendered":"Die Kommission schl\u00e4gt vor, die ein Jahres Rate f\u00fcr CO2 Emissionen auf einigen Fl\u00fcgen auszusetzen"},"content":{"rendered":"<p class=\"first\"> Br\u00fcssel, 12 nov (EFE).-der Europ\u00e4ischen Kommission (EK), die heute zur Aussetzung der Anwendung der Europ\u00e4ischen Gesetzgebung zum Emissionshandel-ein Jahr-Fl\u00fcge, die in der EU, mit Ausnahme der Europ\u00e4ischen Praktikanten, F\u00f6rderung ein internationales Abkommens in diesem Zusammenhang Kohlendioxid (CO2) vorgeschlagen werden.<\/p>\n<p>Die Aktion f\u00fcr Klima Connie Hedegaard, EU-Kommissar k\u00fcndigte in einer Pressekonferenz, dass die EU bereit, teilweise die Umsetzung des umstrittenen Europ\u00e4ischen Systems, Besteuerung Fl\u00fcge nach der Tonnen CO2 freigegeben, bis der n\u00e4chsten Generalversammlung der International von der Civil Aviation Organization (ICAO), geplant f\u00fcr den Herbst 2013 einzufrieren. EFE<\/p>\n","protected":false},"excerpt":{"rendered":"<p>Br\u00fcssel, 12 nov (EFE).-der Europ\u00e4ischen Kommission (EK), die heute zur Aussetzung der Anwendung der Europ\u00e4ischen Gesetzgebung zum Emissionshandel-ein Jahr-Fl\u00fcge, die in der EU, mit Ausnahme der Europ\u00e4ischen Praktikanten, F\u00f6rderung ein internationales Abkommens in diesem Zusammenhang Kohlendioxid (CO2) vorgeschlagen werden. Die Aktion f\u00fcr Klima Connie Hedegaard, EU-Kommissar k\u00fcndigte in einer Pressekonferenz, dass die EU bereit, teilweise [&hellip;]<\/p>\n","protected":false},"author":1,"featured_media":0,"comment_status":"close","ping_status":"open","sticky":false,"template":"","format":"standard","meta":{"footnotes":""},"categories":[3],"tags":[48775,48776],"class_list":["post-40733","post","type-post","status-publish","format-standard","hentry","category-allgemeine","tag-ein-jahres-rate","tag-flgen","et-doesnt-have-format-content","et_post_format-et-post-format-standard"],"_links":{"self":[{"href":"https:\/\/www.best-dentist-dentistry.com\/de\/wp-json\/wp\/v2\/posts\/40733","targetHints":{"allow":["GET"]}}],"collection":[{"href":"https:\/\/www.best-dentist-dentistry.com\/de\/wp-json\/wp\/v2\/posts"}],"about":[{"href":"https:\/\/www.best-dentist-dentistry.com\/de\/wp-json\/wp\/v2\/types\/post"}],"author":[{"embeddable":true,"href":"https:\/\/www.best-dentist-dentistry.com\/de\/wp-json\/wp\/v2\/users\/1"}],"replies":[{"embeddable":true,"href":"https:\/\/www.best-dentist-dentistry.com\/de\/wp-json\/wp\/v2\/comments?post=40733"}],"version-history":[{"count":0,"href":"https:\/\/www.best-dentist-dentistry.com\/de\/wp-json\/wp\/v2\/posts\/40733\/revisions"}],"wp:attachment":[{"href":"https:\/\/www.best-dentist-dentistry.com\/de\/wp-json\/wp\/v2\/media?parent=40733"}],"wp:term":[{"taxonomy":"category","embeddable":true,"href":"https:\/\/www.best-dentist-dentistry.com\/de\/wp-json\/wp\/v2\/categories?post=40733"},{"taxonomy":"post_tag","embeddable":true,"href":"https:\/\/www.best-dentist-dentistry.com\/de\/wp-json\/wp\/v2\/tags?post=40733"}],"curies":[{"name":"wp","href":"https:\/\/api.w.org\/{rel}","templated":true}]}}