{"id":40769,"date":"2014-09-06T03:28:56","date_gmt":"2014-09-06T03:28:56","guid":{"rendered":null},"modified":"-0001-11-30T00:00:00","modified_gmt":"-0001-11-30T00:00:00","slug":"afem-summons-a-demonstration-of-physicians-and-patients-on-thursday-and-delivered-a-letter-to-the-minister-of-health","status":"publish","type":"post","link":"https:\/\/www.best-dentist-dentistry.com\/de\/afem-summons-a-demonstration-of-physicians-and-patients-on-thursday-and-delivered-a-letter-to-the-minister-of-health\/40769","title":{"rendered":"AFEM Ladung eine Demonstration von \u00c4rzten und Patienten am Donnerstag und lieferte einen Brief an den Minister f\u00fcr Gesundheit"},"content":{"rendered":"<p class=\"first\"> MADRID, 27 (EUROPA PRESS)<\/p>\n<p>Die Vereinigung der \u00c4rzte Spezialisten Madrid (Afem) forderte am Donnerstag dieser Woche eine Demonstration von \u00c4rzten und Patienten seiner &#8220;absoluten Ablehnung&#8221; Ma\u00dfnahmen zum Ausdruck bringen soll 2013 den Landesvorstand beantragen.<\/p>\n<p>Konzentration beginnt um 18 und f\u00e4hrt vom Plaza de Cibeles des Ministeriums f\u00fcr Gesundheit, wo wird versucht, einen Brief an die Leiterin der Abteilung Ana Mato, zu behaupten, seine Vermittlung um zu versuchen, die Pl\u00e4ne der Gemeinschaft im Gesundheitsbereich umkehren liefern.<\/p>\n<p>&#8220;Will k\u00e4mpfen, um der Public Health, von einem Gesundheitssystem zu speichern, die unser aller ist: Patienten, Angeh\u00f6rige der Gesundheitsberufe und die Gesellschaft im allgemeinen&#8221;, sagte der Pr\u00e4sident des Afem, Pedro Gonz\u00e1lez, in einer Erkl\u00e4rung.<\/p>\n<p>Im Hinblick auf Afem, Ma\u00dfnahmen, wie die Auslagerung von Healthcare-Management von Krankenh\u00e4usern und Gesundheitszentren &#8220;mit Improvisation und Obskurantismus, ohne zu sprechen, f\u00fcr Profis oder f\u00fcr die betroffenen B\u00fcrger&#8221; getroffen hat.<\/p>\n<p>Auf der anderen Seite die Gruppe zeigt, dass es mit der Aufforderung zur unbefristeten Streik weiterhin &#8220;Unmut&#8221; der \u00c4rzte auf die Notlage von Madrid Gesundheit Ausdr\u00fccken.<\/p>\n","protected":false},"excerpt":{"rendered":"<p>MADRID, 27 (EUROPA PRESS) Die Vereinigung der \u00c4rzte Spezialisten Madrid (Afem) forderte am Donnerstag dieser Woche eine Demonstration von \u00c4rzten und Patienten seiner &#8220;absoluten Ablehnung&#8221; Ma\u00dfnahmen zum Ausdruck bringen soll 2013 den Landesvorstand beantragen. Konzentration beginnt um 18 und f\u00e4hrt vom Plaza de Cibeles des Ministeriums f\u00fcr Gesundheit, wo wird versucht, einen Brief an die [&hellip;]<\/p>\n","protected":false},"author":1,"featured_media":0,"comment_status":"close","ping_status":"open","sticky":false,"template":"","format":"standard","meta":{"footnotes":""},"categories":[3],"tags":[48802],"class_list":["post-40769","post","type-post","status-publish","format-standard","hentry","category-allgemeine","tag-ladung","et-doesnt-have-format-content","et_post_format-et-post-format-standard"],"_links":{"self":[{"href":"https:\/\/www.best-dentist-dentistry.com\/de\/wp-json\/wp\/v2\/posts\/40769","targetHints":{"allow":["GET"]}}],"collection":[{"href":"https:\/\/www.best-dentist-dentistry.com\/de\/wp-json\/wp\/v2\/posts"}],"about":[{"href":"https:\/\/www.best-dentist-dentistry.com\/de\/wp-json\/wp\/v2\/types\/post"}],"author":[{"embeddable":true,"href":"https:\/\/www.best-dentist-dentistry.com\/de\/wp-json\/wp\/v2\/users\/1"}],"replies":[{"embeddable":true,"href":"https:\/\/www.best-dentist-dentistry.com\/de\/wp-json\/wp\/v2\/comments?post=40769"}],"version-history":[{"count":0,"href":"https:\/\/www.best-dentist-dentistry.com\/de\/wp-json\/wp\/v2\/posts\/40769\/revisions"}],"wp:attachment":[{"href":"https:\/\/www.best-dentist-dentistry.com\/de\/wp-json\/wp\/v2\/media?parent=40769"}],"wp:term":[{"taxonomy":"category","embeddable":true,"href":"https:\/\/www.best-dentist-dentistry.com\/de\/wp-json\/wp\/v2\/categories?post=40769"},{"taxonomy":"post_tag","embeddable":true,"href":"https:\/\/www.best-dentist-dentistry.com\/de\/wp-json\/wp\/v2\/tags?post=40769"}],"curies":[{"name":"wp","href":"https:\/\/api.w.org\/{rel}","templated":true}]}}