{"id":40873,"date":"2014-09-06T04:25:51","date_gmt":"2014-09-06T04:25:51","guid":{"rendered":null},"modified":"-0001-11-30T00:00:00","modified_gmt":"-0001-11-30T00:00:00","slug":"mato-asks-communities-a-state-pact-to-build-a-common-health-space","status":"publish","type":"post","link":"https:\/\/www.best-dentist-dentistry.com\/de\/mato-asks-communities-a-state-pact-to-build-a-common-health-space\/40873","title":{"rendered":"mato asks communities a state pact to build a common health space"},"content":{"rendered":"<p>&lt;!-Google_ad_section_start&#8211;> <\/p>\n<p class=\"first\"> BARCELONA, 29 (EUROPA PRESS)<\/p>\n<p>des Ministers f\u00fcr Gesundheit, soziale Dienste und Geschlechter, Ana Mato, forderte Dienstag an die autonomen Gemeinschaften der Herausforderung zu begegnen, die kurzfristige Versorgung von Patienten, die chronisch mit sich bringt und abh\u00e4ngig, durch den Bau von einem &#8220;gemeinsamen Gesundheit Raum&#8221;, eine komplexe Aufgabe, hat erkannt, dass st\u00fctzt sich auf die Liste so schnell wie m\u00f6glich.<\/p>\n<p>Bei der Er\u00f6ffnung in Barcelona der IV-Kongress International Unit und Lebensqualit\u00e4t, Mato hat einen Aufruf zum Dialog, die professionelle Organisationen und Institutionen erweitert wird, auf alle &#8220;How to ein sozio-Gesundheit-Pflege-Modell zu verwirklichen&#8221; welche sp\u00e4ter Willen interterritorialen beauftragt, Gesundheit und Soziales und Abh\u00e4ngigkeit zur Genehmigung.<\/p>\n<p>Als Minister, richten Sie ein solches System ist eine Priorit\u00e4t f\u00fcr die Sicherstellung der Nachhaltigkeit des Systems, die Alterung der Bev\u00f6lkerung und die Zunahme Lebenserwartung, gegeben, damit es bestand hat, ist es eine &#8220;soziale Herausforderung an wichtige Gr\u00f6\u00dfenordnung gegeben, die nicht zul\u00e4sst, suchen, andere wie&#8221;.<\/p>\n<p>Dieses Modell sollten gemeinsame Kriterien in Spanien auf was die Leute ber\u00fccksichtigen Steuer des neuen Systems, Service-Portfolio, Common und Grundvoraussetzungen Pflege Ger\u00e4te und Instrumente der Koordinierung und geteiltes Informationssystem implementiert sind.<\/p>\n<p>Mato, wer r\u00e4umte ein, dass derzeit \u00fcber den Antrag auf einen offenen Dialog zu erreichen Gesundheitswesen Paktes und garantieren so gleichberechtigten Zugang, nicht nur organisatorische Ver\u00e4nderungen Bestand &#8220;ein Ma\u00df an Koordination ausreichend oder geeignet sind, die Kontinuit\u00e4t der Versorgung wird nicht erreicht&#8221;, gesagt hat, sondern auch geistig, den Patienten in der Mitte des Systems stellen.<\/p>\n<p>Der Kongress, organisiert von der Stiftung Alter &amp; Leben, das Ministerium, die Generalit\u00c3 \u00a4 t, das Rathaus und der Diputaci\u00f3 de Barcelona, soll somit dazu beitragen Ideen, wie es sein sollte das neue System mit der Pr\u00e4misse, dass die Krise und der demografischen Ver\u00e4nderungen die Nachhaltigkeit des Wohlfahrtsstaates gef\u00e4hrdet.<\/p>\n<p>Der Gesundheitsminister der Generalitat, Boi Ruiz, hat sich auf die Diagnose verst\u00e4ndigt, und wurde die Schuld des Reformbedarf zu den &#8220;au\u00dfergew\u00f6hnlichen Erfolg&#8221; des Gesundheitswesens in den letzten Jahren, das Altern und die Chronifizierung sind Fr\u00fcchte, die das Gesundheitswesen Modell erlaubt hat, um die Lebenserwartung der Bev\u00f6lkerung zu erh\u00f6hen.<\/p>\n<p>, Nach Boi Ruiz, l\u00e4uft, um Gesundungspflege &#8211; zu \u00fcberdenken mehr als die H\u00e4lfte der Chirurgie in Katalonien bereits erfolgt ohne Krankenhaus eintritt-, F\u00f6rderung des Einsatzes von Informationstechnologien und die Perspektive der N\u00e4he nicht zu verlieren.<\/p>\n<p>The Minister, jedoch betont, dass das neue Modell &#8220;ausreichenden Flexibilit\u00e4t&#8221; hat, so dass jede Gemeinschaft und jedes Gebiet Antworten auf ihre Besonderheiten bieten k\u00f6nnen, und fragte eine Reform durch Anpassung und nicht die Strukturalisierung, sagte.<\/p>\n<p>Der B\u00fcrgermeister von Barcelona, Xavier Trias, hat darauf bestanden, der Qualit\u00e4t des Gesundheitssystems, obwohl es hielt &#8211; beide die gleichen Mato unterstrichen die Freundschaft, die sie seit Jahren vereint, da\u00df der Transfer von Kompetenzen an der Gemeinden verlassen sie lahm stattgefunden haben &#8220;, denn wer die F\u00e4higkeit hat, Gesetze zu erlassen, ist nicht die sammelt.<\/p>\n<p>In der Vergangenheit &#8220;hat das Defizit weitgehend verschoben an die autonomen Gemeinschaften&#8221;, sagte Trias und sie bleiben ungel\u00f6st ewige Dilemma wie wer das Modell, finanziert wer es geplant oder die Dienstleistungen erbringt, f\u00fcr die B\u00fcrger in einem Kontext, in dem Arbeitslosigkeit das Modell gef\u00e4hrdet.<\/p>\n<p>Privatinitiative<\/p>\n<p>Stiftung Alter &amp; Leben, Higinio Ravent\u00f3s, Pr\u00e4sident hat als die Sociosanitaria Koordination zwischen Verwaltungen ist eine &#8220;Priorit\u00e4t&#8221;, denn es wird gesch\u00e4tzt, dass die OECD-L\u00e4nder in Richtung 2060 doppelte Ausgaben Gesundheit um 14 % des BIP, sicherte sich, und die Krise beschleunigt den Reformbedarf.<\/p>\n<p>Zwei Rezepte von Ravent\u00f3s vorgeschlagen wurden die Rationalisierung bei der Nutzung der Ressourcen und &#8220;stark f\u00f6rdern Zusammenarbeit zwischen den Verwaltungen und Privatinitiative&#8221;, um sowie zu reorganisieren, die mittlere und lange Aufenthalte in Krankenh\u00e4usern, um anzuzeigen, dass bis zu 30 % des Umsatzes in Akutkrankenh\u00e4user entsprechen chronischen Patienten, die eine bessere Antwort auf Ihre Probleme auf andere Ger\u00e4tetypen finden konnte.<\/p>\n<p>Der Schl\u00fcssel zu dieser Neuorganisation seiner Ansicht nach durch Einf\u00fchrung Kriterien homogen in das ganze der autonomen Gemeinschaften, zum Beispiel in die Akkreditierung der Zentren, etwas f\u00fcr die die Regierung eine wichtige Rolle spielt, es wurde darauf hingewiesen.<\/p>\n<p>Unter die \u00c4nderungsvorschl\u00e4ge der Pr\u00e4sident von Alter &amp; Leben ist jeder B\u00fcrger, einen finanziellen Beitrag nach deren Einkommen, sowie die &#8220;steuerliche F\u00f6rderma\u00dfnahmen&#8221; f\u00fcr Menschen, die bestimmte Dienstleistungen zu mieten, zu verstehen, dass nur \u00f6ffentliche und private Zusammenarbeit erm\u00f6glicht es, ein nachhaltiges Modell bauen.<\/p>\n<p>&lt;!-Google_ad_section_end&#8211;><\/p>\n","protected":false},"excerpt":{"rendered":"<p>&lt;!-Google_ad_section_start&#8211;> BARCELONA, 29 (EUROPA PRESS) des Ministers f\u00fcr Gesundheit, soziale Dienste und Geschlechter, Ana Mato, forderte Dienstag an die autonomen Gemeinschaften der Herausforderung zu begegnen, die kurzfristige Versorgung von Patienten, die chronisch mit sich bringt und abh\u00e4ngig, durch den Bau von einem &#8220;gemeinsamen Gesundheit Raum&#8221;, eine komplexe Aufgabe, hat erkannt, dass st\u00fctzt sich auf die [&hellip;]<\/p>\n","protected":false},"author":1,"featured_media":0,"comment_status":"close","ping_status":"open","sticky":false,"template":"","format":"standard","meta":{"footnotes":""},"categories":[3],"tags":[],"class_list":["post-40873","post","type-post","status-publish","format-standard","hentry","category-allgemeine","et-doesnt-have-format-content","et_post_format-et-post-format-standard"],"_links":{"self":[{"href":"https:\/\/www.best-dentist-dentistry.com\/de\/wp-json\/wp\/v2\/posts\/40873","targetHints":{"allow":["GET"]}}],"collection":[{"href":"https:\/\/www.best-dentist-dentistry.com\/de\/wp-json\/wp\/v2\/posts"}],"about":[{"href":"https:\/\/www.best-dentist-dentistry.com\/de\/wp-json\/wp\/v2\/types\/post"}],"author":[{"embeddable":true,"href":"https:\/\/www.best-dentist-dentistry.com\/de\/wp-json\/wp\/v2\/users\/1"}],"replies":[{"embeddable":true,"href":"https:\/\/www.best-dentist-dentistry.com\/de\/wp-json\/wp\/v2\/comments?post=40873"}],"version-history":[{"count":0,"href":"https:\/\/www.best-dentist-dentistry.com\/de\/wp-json\/wp\/v2\/posts\/40873\/revisions"}],"wp:attachment":[{"href":"https:\/\/www.best-dentist-dentistry.com\/de\/wp-json\/wp\/v2\/media?parent=40873"}],"wp:term":[{"taxonomy":"category","embeddable":true,"href":"https:\/\/www.best-dentist-dentistry.com\/de\/wp-json\/wp\/v2\/categories?post=40873"},{"taxonomy":"post_tag","embeddable":true,"href":"https:\/\/www.best-dentist-dentistry.com\/de\/wp-json\/wp\/v2\/tags?post=40873"}],"curies":[{"name":"wp","href":"https:\/\/api.w.org\/{rel}","templated":true}]}}