{"id":40919,"date":"2014-09-06T04:53:35","date_gmt":"2014-09-06T04:53:35","guid":{"rendered":null},"modified":"-0001-11-30T00:00:00","modified_gmt":"-0001-11-30T00:00:00","slug":"ap-medical-forum-denounced-the-lack-of-presence-of-the-specialty-in-universities","status":"publish","type":"post","link":"https:\/\/www.best-dentist-dentistry.com\/de\/ap-medical-forum-denounced-the-lack-of-presence-of-the-specialty-in-universities\/40919","title":{"rendered":"AP Medical Forum verurteilte die &#8220;mangelnde Pr\u00e4senz&#8221; die Spezialit\u00e4t in Universit\u00e4ten"},"content":{"rendered":"<p>&lt;!-Google_ad_section_start&#8211;> <\/p>\n<p class=\"first\"> MADRID, 11 (EUROPA PRESS)<\/p>\n<p>das Forum f\u00fcr Haus\u00e4rzte, zeitgleich mit der Feier des Internationalen Tages f\u00fcr die Grundversorgung, an diesem Samstag hat die mangelnde Pr\u00e4senz, die weiterhin die AP in spanischen Universit\u00e4t denunziert.<\/p>\n<p>Und dass, wie er erinnerte, zur Zeit des \u00f6ffentlichen Gesundheitswesens (SNS) hat drei weitere Spezialisten aus der zweiten und dritten Ebene als prim\u00e4re \u00c4rzte, wenn die Weltgesundheitsorganisation (who), dass sagt, um wirksam zu sein ben\u00f6tigt 60 Prozent der Profis in der Grundschule.<\/p>\n<p>&#8220;Realit\u00e4t mehr Haus\u00e4rzte m\u00fcssen, so dass es genaue Anerkennung die Spezialit\u00e4t in der Universit\u00e4t,&#8221; sagte hat sich der Pr\u00e4sident der Sociedad Espa\u00f1ola de Medicina vertraut y Comunitaria (Semfyc), Josep Basora.<\/p>\n<p>In der Tat ein gro\u00dfer Teil der \u00c4rzte, die an den Fakult\u00e4ten der Medizin gebildet werden arbeiten an AP, daher nach Ansicht der Experten, ist es erforderlich, bestimmte Inhalte der Familie Medizin zur Verbesserung der Vorbereitung der zuk\u00fcnftigen Praktiker und f\u00fcr den Rest des Spezialisten wissen, Methoden und medizinische Verfahren in AP, Sicherstellung der besten sanit\u00e4ren Wirksamkeit und Koordinierung zwischen AP und Krankenhaus.<\/p>\n<p>&#8220;ist kaum vertretbar zu einem Grundversorgung-basierte Gesundheitsversorgung Modell, wie es rechtlich die Spanier ist, haben in ihren Fakult\u00e4ten der Medizin Fakult\u00e4t, Abteilungen und Aktivit\u00e4ten der Familienmedizin. &#8220;Dar\u00fcber hinaus die MF mu\u00df in den Fakult\u00e4ten der Medizin was die AP im Gesundheitssystem sein sollte: seine zentrale Rolle und seinem wesentlichen Kern&#8221;, hat eine Apostille-Basra.<\/p>\n<p>Insbesondere Familienmedizin eine &#8220;fokussierter&#8221; schult auf die aktuellen sozialen und gesundheitlichen Bed\u00fcrfnisse angepasst und bietet eine &#8220;Woge&#8221; von der Berufswahl an der AP. Und ist, dass 42 Prozent der spanischen \u00c4rzte diese Spezialit\u00e4t gewidmet ist.<\/p>\n<p>&#8220;nicht werden nur erkannt AKADEMISCH&#8221;<\/p>\n<p>Jetzt trotz der Annahme des Vertrags von Bologna auf europ\u00e4ischen Hochschul- und im Gegensatz zu anderen L\u00e4ndern, in Spanien die Universit\u00e4t &#8220;nicht nur Anleger erkennen akademisch&#8221; Familienmedizin und &#8220;nimmt&#8221; es wissenschaftliche, administrative und rechtlich gleich mit den Testo-Disziplinen zu betrachten.<\/p>\n<p>Dar\u00fcber hinaus werden <\/p>\n<p>laut einem Bericht von der Konferenz der Dekane der Volksmedizin (deren Daten sind noch vorl\u00e4ufig), weitere Fakult\u00e4ten immer die Anpassung an den Europ\u00e4ischen Hochschulraum (EHEA) entschieden haben. In der Tat, die 39 Medizin geh\u00f6ren nationale Konferenz der Dekane der Medizin, 24 von ihnen Familie Figuren als vorgeschrieben, obwohl in einigen F\u00e4llen erscheint auf andere Inhalte verkn\u00fcpfter.<\/p>\n<p>&#8220;Es ist wichtig, dass Medizinstudenten die M\u00f6glichkeit, die AP und die MF wissen im Umfang, dass sie Zugang zu den Konzepten brauchen und praktische Elementen, in das auf der Grundlage der Gesundheit-Obacht, der in der Regel auf die Bev\u00f6lkerung,&#8221; sagte Basra.<\/p>\n<p>Hat auf der anderen Seite AP Medical Forum die &#8220;Qualit\u00e4tssprung&#8221; in diesen drei Jahrzehnten sowie den Raum f\u00fcr Verbesserungen, die noch kann und sollte die prim\u00e4re Erfahrung erkannt. Eine Verbesserung, die seiner Meinung nach &#8220;gute Ma\u00dfnahme&#8221; den &#8220;politischen Willen&#8221; der Verwaltungen, h\u00e4ngt zentral und autonome.<\/p>\n<p>Hat In diesem Zusammenhang die Organisation darauf hingewiesen, dass das Budget der ersten Ebene, die derzeit unter 14 Prozent der gesamten Gesundheitskosten, in der Umgebung von 25 Prozent sein sollte, wenn die NHS wirklich effizient sein soll. Eine Erh\u00f6hung des Budgets, die mit Zugriff auf alle Diagnosetests einhergehen muss, die Wert auf das Niveau und eine deutliche Senkung der B\u00fcrokratie, die \u00fcberm\u00e4\u00dfige schaffen.<\/p>\n<p>In Bezug auf entsprechende Bewirtschaftung der vor\u00fcbergehenden Arbeitsunf\u00e4higkeit (IT), diese Fachleute der Auffassung, dass die Gesetzesreform ben\u00f6tigt wird. Es ist eine Forderung bekr\u00e4ftigt durch das Forum f\u00fcr mehr als f\u00fcnf Jahren ausgerichtet, dass der Hausarzt der Direktor des Prozesses, ist Kompetenz des Arztes-Familie, im Zusammenhang mit ihrer t\u00e4glichen Arbeit, die Rechte der Patienten in Bezug auf Vertraulichkeit garantiert, B\u00fcrokratieabbau und einer ordnungsgem\u00e4\u00dfe Bewirtschaftung der vor\u00fcbergehenden Behinderung, dass Ergebnisse in effiziente Nutzung der Ressourcen liefert.<\/p>\n<p>In Bezug auf die klinische Behandlung in der Grundschule, das Forum hat unterstrichen, dass zur &#8220;Verbesserung der Koordinierung zwischen den Ebenen der Versorgung,&#8221; sofern dies gem\u00e4\u00df den Parametern, die die Fachleute verstehen entwickelt, d. h., dass es \u00fcber die gegenseitige Vereinbarung und zu den Besonderheiten der einzelnen Autonomen Gemeinschaft und jede Provinz suchen beruht.<\/p>\n<p>Schlie\u00dflich n Bezug auf die L\u00f6hne von AP-Profis, hat davor gewarnt, dass in Spanien sie liegen unter dem europ\u00e4ischen Durchschnitt und nicht gleich in den autonomen Gemeinschaften. Infolgedessen wurde bef\u00fcrwortet einen neuen Vertrag zu bauen, wo erste Ergebnisse und Verantwortung, Wettbewerb und Produktivit\u00e4t f\u00f6rdern.<\/p>\n<p>&lt;!-Google_ad_section_end&#8211;><\/p>\n","protected":false},"excerpt":{"rendered":"<p>&lt;!-Google_ad_section_start&#8211;> MADRID, 11 (EUROPA PRESS) das Forum f\u00fcr Haus\u00e4rzte, zeitgleich mit der Feier des Internationalen Tages f\u00fcr die Grundversorgung, an diesem Samstag hat die mangelnde Pr\u00e4senz, die weiterhin die AP in spanischen Universit\u00e4t denunziert. Und dass, wie er erinnerte, zur Zeit des \u00f6ffentlichen Gesundheitswesens (SNS) hat drei weitere Spezialisten aus der zweiten und dritten Ebene [&hellip;]<\/p>\n","protected":false},"author":1,"featured_media":0,"comment_status":"close","ping_status":"open","sticky":false,"template":"","format":"standard","meta":{"footnotes":""},"categories":[3],"tags":[],"class_list":["post-40919","post","type-post","status-publish","format-standard","hentry","category-allgemeine","et-doesnt-have-format-content","et_post_format-et-post-format-standard"],"_links":{"self":[{"href":"https:\/\/www.best-dentist-dentistry.com\/de\/wp-json\/wp\/v2\/posts\/40919","targetHints":{"allow":["GET"]}}],"collection":[{"href":"https:\/\/www.best-dentist-dentistry.com\/de\/wp-json\/wp\/v2\/posts"}],"about":[{"href":"https:\/\/www.best-dentist-dentistry.com\/de\/wp-json\/wp\/v2\/types\/post"}],"author":[{"embeddable":true,"href":"https:\/\/www.best-dentist-dentistry.com\/de\/wp-json\/wp\/v2\/users\/1"}],"replies":[{"embeddable":true,"href":"https:\/\/www.best-dentist-dentistry.com\/de\/wp-json\/wp\/v2\/comments?post=40919"}],"version-history":[{"count":0,"href":"https:\/\/www.best-dentist-dentistry.com\/de\/wp-json\/wp\/v2\/posts\/40919\/revisions"}],"wp:attachment":[{"href":"https:\/\/www.best-dentist-dentistry.com\/de\/wp-json\/wp\/v2\/media?parent=40919"}],"wp:term":[{"taxonomy":"category","embeddable":true,"href":"https:\/\/www.best-dentist-dentistry.com\/de\/wp-json\/wp\/v2\/categories?post=40919"},{"taxonomy":"post_tag","embeddable":true,"href":"https:\/\/www.best-dentist-dentistry.com\/de\/wp-json\/wp\/v2\/tags?post=40919"}],"curies":[{"name":"wp","href":"https:\/\/api.w.org\/{rel}","templated":true}]}}