{"id":40921,"date":"2014-09-06T04:53:47","date_gmt":"2014-09-06T04:53:47","guid":{"rendered":null},"modified":"-0001-11-30T00:00:00","modified_gmt":"-0001-11-30T00:00:00","slug":"ses-is-confident-that-the-shock-plan-of-waiting-lists-have-a-very-important-impact-year-end","status":"publish","type":"post","link":"https:\/\/www.best-dentist-dentistry.com\/de\/ses-is-confident-that-the-shock-plan-of-waiting-lists-have-a-very-important-impact-year-end\/40921","title":{"rendered":"ses is confident that the shock plan of waiting lists have a very important impact year end"},"content":{"rendered":"<p>&lt;!-Google_ad_section_start&#8211;> <\/p>\n<p class=\"first\"> SES Albino Navarro ist davon \u00fcberzeugt, dass Sie zu &#8220;Wartelisten relativieren&#8221;<\/p>\n<p>MERIDA, 11 (EUROPA PRESS)<\/p>\n<p>Gesch\u00e4ftsf\u00fchrer der Dienste der Extremadura Gesundheit (SES), Joaqu\u00edn Garc\u00eda, hat \u00fcberzeugt, dass der Schock Plan zur Verringerung der Gesundheit Wartelisten auf diese am Ende des Jahres &#8220;sehr signifikant&#8221; auswirken wird.<\/p>\n<p>In diesem Zusammenhang Joaqu\u00edn Garc\u00eda hat hingewiesen, dass in einem Monat und eine H\u00e4lfte f\u00fchrende auf diesen Schock Plan, ist nicht nur gekommen, um eine &#8220;Verbesserung&#8221; Wartelisten zu \u00fcbernehmen, aber das bedeutete auch eine \u00c4nderung des Modells.<\/p>\n<p>Auf diese Weise hat darauf hingewiesen, dass diese \u00c4nderung des Modells der &#8220;ber\u00fchmten&#8221; Aufst\u00e4nde hinterl\u00e4sst und f\u00fchrt zu einer Erh\u00f6hung in der Rekrutierung von Gesundheit und nicht Personal an der SES angeschlossen.<\/p>\n<p>&#8220;Wir schaffen Arbeitspl\u00e4tze, verbessern wir unsere Zahlen, wir sind viele Mitarbeiter, mieten und das wird bald eine wichtige Auswirkung auf der Warteliste haben&#8221; der Gesch\u00e4ftsf\u00fchrer des SES beharrte bei seinem Auftritt in der nichtst\u00e4ndige Untersuchungsausschu\u00df auf medizinische Wartelisten, in der Parlament Extremadura.<\/p>\n<p>In diesem gleichen Kommission erschien auch dem ehemaligen Leiter des SES Albino Navarro, hat hielten, dass Sie zu &#8220;Wartelisten relativieren&#8221;.<\/p>\n<p>Um diese \u00dcberlegung zu machen, Navarro wurde basierend auf ein Dokument der Europ\u00e4ischen Kommission, sagte die klargemacht wird, dass Spanien die L\u00e4nder f\u00fchrt, in dem die B\u00fcrger sind &#8220;weniger \u00c4rger&#8221; Zugang des Gesundheitssystems, und &#8220;nur sehr wenige dieser Menschen erdichtet zu den Wartelisten&#8221;, hat eine Apostille.<\/p>\n<p>&lt;!-Google_ad_section_end&#8211;><\/p>\n","protected":false},"excerpt":{"rendered":"<p>&lt;!-Google_ad_section_start&#8211;> SES Albino Navarro ist davon \u00fcberzeugt, dass Sie zu &#8220;Wartelisten relativieren&#8221; MERIDA, 11 (EUROPA PRESS) Gesch\u00e4ftsf\u00fchrer der Dienste der Extremadura Gesundheit (SES), Joaqu\u00edn Garc\u00eda, hat \u00fcberzeugt, dass der Schock Plan zur Verringerung der Gesundheit Wartelisten auf diese am Ende des Jahres &#8220;sehr signifikant&#8221; auswirken wird. In diesem Zusammenhang Joaqu\u00edn Garc\u00eda hat hingewiesen, dass in [&hellip;]<\/p>\n","protected":false},"author":1,"featured_media":0,"comment_status":"close","ping_status":"open","sticky":false,"template":"","format":"standard","meta":{"footnotes":""},"categories":[3],"tags":[48961],"class_list":["post-40921","post","type-post","status-publish","format-standard","hentry","category-allgemeine","tag-jucken","et-doesnt-have-format-content","et_post_format-et-post-format-standard"],"_links":{"self":[{"href":"https:\/\/www.best-dentist-dentistry.com\/de\/wp-json\/wp\/v2\/posts\/40921","targetHints":{"allow":["GET"]}}],"collection":[{"href":"https:\/\/www.best-dentist-dentistry.com\/de\/wp-json\/wp\/v2\/posts"}],"about":[{"href":"https:\/\/www.best-dentist-dentistry.com\/de\/wp-json\/wp\/v2\/types\/post"}],"author":[{"embeddable":true,"href":"https:\/\/www.best-dentist-dentistry.com\/de\/wp-json\/wp\/v2\/users\/1"}],"replies":[{"embeddable":true,"href":"https:\/\/www.best-dentist-dentistry.com\/de\/wp-json\/wp\/v2\/comments?post=40921"}],"version-history":[{"count":0,"href":"https:\/\/www.best-dentist-dentistry.com\/de\/wp-json\/wp\/v2\/posts\/40921\/revisions"}],"wp:attachment":[{"href":"https:\/\/www.best-dentist-dentistry.com\/de\/wp-json\/wp\/v2\/media?parent=40921"}],"wp:term":[{"taxonomy":"category","embeddable":true,"href":"https:\/\/www.best-dentist-dentistry.com\/de\/wp-json\/wp\/v2\/categories?post=40921"},{"taxonomy":"post_tag","embeddable":true,"href":"https:\/\/www.best-dentist-dentistry.com\/de\/wp-json\/wp\/v2\/tags?post=40921"}],"curies":[{"name":"wp","href":"https:\/\/api.w.org\/{rel}","templated":true}]}}