{"id":40956,"date":"2014-09-10T03:01:18","date_gmt":"2014-09-10T03:01:18","guid":{"rendered":null},"modified":"-0001-11-30T00:00:00","modified_gmt":"-0001-11-30T00:00:00","slug":"mato-will-analyze-the-autonomous-impact-of-health-reform","status":"publish","type":"post","link":"https:\/\/www.best-dentist-dentistry.com\/de\/mato-will-analyze-the-autonomous-impact-of-health-reform\/40956","title":{"rendered":"Mato analysiert die autonome Auswirkungen der Gesundheitsreform"},"content":{"rendered":"<p class=\"first\"> Madrid, 29 Aug (EFE).-der Minister f\u00fcr Gesundheit, soziale Dienste und Gleichheit, Ana Mato, treffen heute mit Mitgliedern des Zweiges der autonomen Gemeinschaften, in Valladolid, analysieren die Auswirkungen der Ma\u00dfnahmen mit Gesundheitsreform.<\/p>\n<p>Haben so was EfE-Quellen im Ministerium f\u00fcr Gesundheit, soziale Dienste und Geschlechter, wer haben darauf hingewiesen, dass dieses Treffen, &#8220;informellen&#8221;, findet in Valladolid, wo der Minister von Pr\u00e4sident von Castilla y Le\u00f3n, Juan Vicente Herrera, empfangen werden mit denen er treffen wird best\u00e4tigt<\/p>\n","protected":false},"excerpt":{"rendered":"<p>Madrid, 29 Aug (EFE).-der Minister f\u00fcr Gesundheit, soziale Dienste und Gleichheit, Ana Mato, treffen heute mit Mitgliedern des Zweiges der autonomen Gemeinschaften, in Valladolid, analysieren die Auswirkungen der Ma\u00dfnahmen mit Gesundheitsreform. Haben so was EfE-Quellen im Ministerium f\u00fcr Gesundheit, soziale Dienste und Geschlechter, wer haben darauf hingewiesen, dass dieses Treffen, &#8220;informellen&#8221;, findet in Valladolid, wo [&hellip;]<\/p>\n","protected":false},"author":1,"featured_media":0,"comment_status":"close","ping_status":"open","sticky":false,"template":"","format":"standard","meta":{"footnotes":""},"categories":[3],"tags":[48997],"class_list":["post-40956","post","type-post","status-publish","format-standard","hentry","category-allgemeine","tag-besteuert","et-doesnt-have-format-content","et_post_format-et-post-format-standard"],"_links":{"self":[{"href":"https:\/\/www.best-dentist-dentistry.com\/de\/wp-json\/wp\/v2\/posts\/40956","targetHints":{"allow":["GET"]}}],"collection":[{"href":"https:\/\/www.best-dentist-dentistry.com\/de\/wp-json\/wp\/v2\/posts"}],"about":[{"href":"https:\/\/www.best-dentist-dentistry.com\/de\/wp-json\/wp\/v2\/types\/post"}],"author":[{"embeddable":true,"href":"https:\/\/www.best-dentist-dentistry.com\/de\/wp-json\/wp\/v2\/users\/1"}],"replies":[{"embeddable":true,"href":"https:\/\/www.best-dentist-dentistry.com\/de\/wp-json\/wp\/v2\/comments?post=40956"}],"version-history":[{"count":0,"href":"https:\/\/www.best-dentist-dentistry.com\/de\/wp-json\/wp\/v2\/posts\/40956\/revisions"}],"wp:attachment":[{"href":"https:\/\/www.best-dentist-dentistry.com\/de\/wp-json\/wp\/v2\/media?parent=40956"}],"wp:term":[{"taxonomy":"category","embeddable":true,"href":"https:\/\/www.best-dentist-dentistry.com\/de\/wp-json\/wp\/v2\/categories?post=40956"},{"taxonomy":"post_tag","embeddable":true,"href":"https:\/\/www.best-dentist-dentistry.com\/de\/wp-json\/wp\/v2\/tags?post=40956"}],"curies":[{"name":"wp","href":"https:\/\/api.w.org\/{rel}","templated":true}]}}