{"id":40961,"date":"2014-09-10T03:01:33","date_gmt":"2014-09-10T03:01:33","guid":{"rendered":null},"modified":"-0001-11-30T00:00:00","modified_gmt":"-0001-11-30T00:00:00","slug":"mato-analyze-tomorrow-with-the-autonomous-communities-the-impact-of-health-reform","status":"publish","type":"post","link":"https:\/\/www.best-dentist-dentistry.com\/de\/mato-analyze-tomorrow-with-the-autonomous-communities-the-impact-of-health-reform\/40961","title":{"rendered":"Mato analysieren Sie morgen mit der autonomen Gemeinschaften die Auswirkungen der Gesundheitsreform"},"content":{"rendered":"<p class=\"first\"> Madrid, 28\/08 (EFE).-der Minister f\u00fcr Gesundheit, soziale Dienste und Gleichheit, Ana Mato, treffen sich morgen mit den Direktoren der Niederlassung der autonomen Gemeinschaften, in Valladolid, analysieren die Auswirkungen der Ma\u00dfnahmen mit Gesundheitsreform.<\/p>\n<p>Haben somit best\u00e4tigt, welche EfE-Quellen im Ministerium f\u00fcr Gesundheit, soziale Dienste und Gleichheit, die darauf hingewiesen haben, dass dieser &#8220;informellen&#8221; in Valladolid, stattfinden wird, wo der Minister wird vom Pr\u00e4sident von Castilla y Le\u00f3n, Juan Vicente Herrera, mit denen er treffen empfangen werden.<\/p>\n<p>Beim Treffen mit Ratgeber, Mato wertet einige der Ma\u00dfnahmen in der Gesundheitsreform, als die pharmazeutischen Co Zahlung entwickelt.<\/p>\n<p>Genau gestern sich herausgestellt, dass die pharmazeutische Ausgaben im Juli gesunken ist, eine 24 % im gleichen Monat des Vorjahres, der gr\u00f6\u00dfte R\u00fcckgang seit 1999, Daten, die Umsetzung im Gange 1. Juli die &#8220;pharmazeutische Co Zahlung&#8221; abh\u00e4ngig vom Einkommen zeitgleich mit aufgenommen.<\/p>\n<p>Insbesondere des \u00f6ffentlichen Gesundheitswesens wurde eine pharmazeutische Aufwendungen von 702.867.409 Euro im Juli, eine Erm\u00e4\u00dfigung von 23,9 % im Vergleich zu dem gleichen Monat des Vorjahres, wird &#8220;das beste angeklagt Abstieg&#8221;, da das Ministerium die monatliche Anmeldung bereitet darstellt.<\/p>\n<p>Speichern registrierte bis Juli 2012 im Vergleich zu den Ausgaben bis im selben Monat in 2011 steigt auf 786.756.632 Euro, zwar die zwischenj\u00e4hrliche Variation liegt im &#8211; 6,88 %.<\/p>\n","protected":false},"excerpt":{"rendered":"<p>Madrid, 28\/08 (EFE).-der Minister f\u00fcr Gesundheit, soziale Dienste und Gleichheit, Ana Mato, treffen sich morgen mit den Direktoren der Niederlassung der autonomen Gemeinschaften, in Valladolid, analysieren die Auswirkungen der Ma\u00dfnahmen mit Gesundheitsreform. Haben somit best\u00e4tigt, welche EfE-Quellen im Ministerium f\u00fcr Gesundheit, soziale Dienste und Gleichheit, die darauf hingewiesen haben, dass dieser &#8220;informellen&#8221; in Valladolid, stattfinden [&hellip;]<\/p>\n","protected":false},"author":1,"featured_media":0,"comment_status":"close","ping_status":"open","sticky":false,"template":"","format":"standard","meta":{"footnotes":""},"categories":[3],"tags":[48999],"class_list":["post-40961","post","type-post","status-publish","format-standard","hentry","category-allgemeine","tag-fremdenfeindliche","et-doesnt-have-format-content","et_post_format-et-post-format-standard"],"_links":{"self":[{"href":"https:\/\/www.best-dentist-dentistry.com\/de\/wp-json\/wp\/v2\/posts\/40961","targetHints":{"allow":["GET"]}}],"collection":[{"href":"https:\/\/www.best-dentist-dentistry.com\/de\/wp-json\/wp\/v2\/posts"}],"about":[{"href":"https:\/\/www.best-dentist-dentistry.com\/de\/wp-json\/wp\/v2\/types\/post"}],"author":[{"embeddable":true,"href":"https:\/\/www.best-dentist-dentistry.com\/de\/wp-json\/wp\/v2\/users\/1"}],"replies":[{"embeddable":true,"href":"https:\/\/www.best-dentist-dentistry.com\/de\/wp-json\/wp\/v2\/comments?post=40961"}],"version-history":[{"count":0,"href":"https:\/\/www.best-dentist-dentistry.com\/de\/wp-json\/wp\/v2\/posts\/40961\/revisions"}],"wp:attachment":[{"href":"https:\/\/www.best-dentist-dentistry.com\/de\/wp-json\/wp\/v2\/media?parent=40961"}],"wp:term":[{"taxonomy":"category","embeddable":true,"href":"https:\/\/www.best-dentist-dentistry.com\/de\/wp-json\/wp\/v2\/categories?post=40961"},{"taxonomy":"post_tag","embeddable":true,"href":"https:\/\/www.best-dentist-dentistry.com\/de\/wp-json\/wp\/v2\/tags?post=40961"}],"curies":[{"name":"wp","href":"https:\/\/api.w.org\/{rel}","templated":true}]}}