{"id":40968,"date":"2014-09-10T03:02:04","date_gmt":"2014-09-10T03:02:04","guid":{"rendered":null},"modified":"-0001-11-30T00:00:00","modified_gmt":"-0001-11-30T00:00:00","slug":"pink-requires-assistance-to-irregular-without-resources-will-not-run-in-charge-of-ngo-or-charity","status":"publish","type":"post","link":"https:\/\/www.best-dentist-dentistry.com\/de\/pink-requires-assistance-to-irregular-without-resources-will-not-run-in-charge-of-ngo-or-charity\/40968","title":{"rendered":"Rosa erfordert, dass Hilfe f\u00fcr unregelm\u00e4\u00dfige ohne Ressourcen nicht verantwortlich f\u00fcr die NGO oder Charity ausgef\u00fchrt wird"},"content":{"rendered":"<p class=\"first\"> VALENCIA, 29 (EUROPA PRESS)<\/p>\n<p>Valencia-Minister f\u00fcr Gesundheit, Luis Rosado, gekl\u00e4rt am Mittwoch, die Hilfe f\u00fcr irregul\u00e4re Migranten, die nicht \u00fcber Mittel verf\u00fcgen wird nicht durch die gemeinn\u00fctzigen oder nicht-Regierungs-Organisationen verwaltet werden, sondern der Allgemeing\u00fcltigkeit wird Zeichen mit diesen Entit\u00e4ten-Vereinbarungen also, die die Menschen sind in dieser Situation und m\u00fcssen unterst\u00fctzt werden, &#8220;ohne dass deshalb ein Recht auf Gesundheit&#8221;.<\/p>\n<p>In eine transkribierte-Anweisung bereitgestellt durch das Ministerium f\u00fcr Gesundheit, nach dem Treffen in Valladolid mit dem Minister f\u00fcr Gesundheit, soziale Dienste und Gleichheit, Ana Mato und Beratern aus anderen acht autonomen Gemeinschaften angegeben.<\/p>\n<p>Luis Rosado hat daf\u00fcr gesorgt, dass alle Personen die Hilfe garantiert werden und dass diejenigen, die nicht Anspruch auf Kostenlose Krankenversicherung sollten sie f\u00fcr diese Rechnung &#8220;ist&#8221;. So betonte, dass die Gesundheitsversorgung &#8220;Kinder und schwangere Frauen, Verh\u00fctung und Bek\u00e4mpfung \u00fcbertragbarer Krankheiten durch Programme der Gesundheitsf\u00fcrsorge, als auch als Notfall Behandlung und \u00dcberwachung von chronischen Krankheiten&#8221; garantiert wird.<\/p>\n<p>Bei Valencia, hat darauf hingewiesen, dass Vereinbarungen unterzeichnen &#8220;durch soziale Programme oder Genossenschaft also unregelm\u00e4\u00dfige und Personen ohne Mittel, deren gesundheitliche Situation es erfordert, kann unterst\u00fctzt werden ohne dass deshalb ein Recht auf Gesundheit&#8221;.<\/p>\n<p>Hat daher, dass diese Pflege &#8220;nicht verantwortlich f\u00fcr NGOs oder die gemeinn\u00fctzige, aber das Gesundheitsministerium werden&#8221; qualifiziert &#8220;richtet die entsprechenden Vereinbarungen mit diesen Organisationen zu kanalisieren, was ihre Bed\u00fcrfnisse sind, wie derzeit in einigen F\u00e4llen ist.<\/p>\n<p>Dar\u00fcber hinaus Rosado hat darauf hingewiesen, dass ein wichtiger Aspekt dieses K\u00f6niglichen Dekrets, dass ist zum ersten Mal &#8220;alle Spanier und Ausl\u00e4nder mit Wohnsitz in unserem Land sind garantiert das Recht auf Gesundheit&#8221;.<\/p>\n<p>&#8220;Es ist nicht die Frage der wirtschaftlichen Anpassung&#8221;<\/p>\n<p>In der Meinung des Ministers, diese Neuregelung &#8220;ist keine Frage der wirtschaftlichen Anpassung aber Einhaltung der Europ\u00e4ischen Verordnung und die Schlussfolgerungen des Berichts des Rechnungshofes und den Grundsatz der Gegenseitigkeit in Bezug auf die Behandlung der Spanier im Ausland&#8221;.<\/p>\n","protected":false},"excerpt":{"rendered":"<p>VALENCIA, 29 (EUROPA PRESS) Valencia-Minister f\u00fcr Gesundheit, Luis Rosado, gekl\u00e4rt am Mittwoch, die Hilfe f\u00fcr irregul\u00e4re Migranten, die nicht \u00fcber Mittel verf\u00fcgen wird nicht durch die gemeinn\u00fctzigen oder nicht-Regierungs-Organisationen verwaltet werden, sondern der Allgemeing\u00fcltigkeit wird Zeichen mit diesen Entit\u00e4ten-Vereinbarungen also, die die Menschen sind in dieser Situation und m\u00fcssen unterst\u00fctzt werden, &#8220;ohne dass deshalb ein [&hellip;]<\/p>\n","protected":false},"author":1,"featured_media":0,"comment_status":"close","ping_status":"open","sticky":false,"template":"","format":"standard","meta":{"footnotes":""},"categories":[3],"tags":[49004],"class_list":["post-40968","post","type-post","status-publish","format-standard","hentry","category-allgemeine","tag-charity","et-doesnt-have-format-content","et_post_format-et-post-format-standard"],"_links":{"self":[{"href":"https:\/\/www.best-dentist-dentistry.com\/de\/wp-json\/wp\/v2\/posts\/40968","targetHints":{"allow":["GET"]}}],"collection":[{"href":"https:\/\/www.best-dentist-dentistry.com\/de\/wp-json\/wp\/v2\/posts"}],"about":[{"href":"https:\/\/www.best-dentist-dentistry.com\/de\/wp-json\/wp\/v2\/types\/post"}],"author":[{"embeddable":true,"href":"https:\/\/www.best-dentist-dentistry.com\/de\/wp-json\/wp\/v2\/users\/1"}],"replies":[{"embeddable":true,"href":"https:\/\/www.best-dentist-dentistry.com\/de\/wp-json\/wp\/v2\/comments?post=40968"}],"version-history":[{"count":0,"href":"https:\/\/www.best-dentist-dentistry.com\/de\/wp-json\/wp\/v2\/posts\/40968\/revisions"}],"wp:attachment":[{"href":"https:\/\/www.best-dentist-dentistry.com\/de\/wp-json\/wp\/v2\/media?parent=40968"}],"wp:term":[{"taxonomy":"category","embeddable":true,"href":"https:\/\/www.best-dentist-dentistry.com\/de\/wp-json\/wp\/v2\/categories?post=40968"},{"taxonomy":"post_tag","embeddable":true,"href":"https:\/\/www.best-dentist-dentistry.com\/de\/wp-json\/wp\/v2\/tags?post=40968"}],"curies":[{"name":"wp","href":"https:\/\/api.w.org\/{rel}","templated":true}]}}