{"id":40970,"date":"2014-09-10T03:02:11","date_gmt":"2014-09-10T03:02:11","guid":{"rendered":null},"modified":"-0001-11-30T00:00:00","modified_gmt":"-0001-11-30T00:00:00","slug":"andalusia-asturias-the-canary-islands-and-the-basque-country-reject-cuts-and-call-for-dialogue","status":"publish","type":"post","link":"https:\/\/www.best-dentist-dentistry.com\/de\/andalusia-asturias-the-canary-islands-and-the-basque-country-reject-cuts-and-call-for-dialogue\/40970","title":{"rendered":"Andalusien, Asturien, die Kanarischen Inseln und dem Baskenland lehnen K\u00fcrzungen und fordern Dialog"},"content":{"rendered":"<p class=\"first\"> Vitoria, 29 Aug (EFE).-die Abteilungen der Gesundheit von Andalusien, Asturien, Kanarischen und baskischen Land, die nicht das Treffen in Valladolid mit Minister Ana Mato besucht haben, haben die Regierung bis Mai es Sporn des Dialogs und sie haben die K\u00fcrzungen, die wirksam Samstag verworfen.<\/p>\n<p>In einer gemeinsamen Erkl\u00e4rung, die aus der baskischen Regierung entlassen, haben diese vier autonomen Gemeinschaften Gesundheit Beamten erkl\u00e4rt, dass sie fehlen von &#8220;informellen&#8221; Beginn des Treffens von Castilla y Le\u00f3n, zu die das Gesundheitsministerium beigetreten ist, weil sie nicht unterst\u00fctzen die &#8220;regressiven&#8221; Richtlinien umgesetzt werden ab September 1.<\/p>\n<p>, Wurden ausdr\u00fccklich bezeichnet die &#8220;R\u00fccknahme des Drogen der \u00f6ffentlichen Finanzierung System&#8221; und &#8220;Implantation eines Systems der Qualit\u00e4tssicherung hat in Spanien, die au\u00dferhalb der \u00f6ffentlichen Gesundheitsversorgung f\u00fcr spanische B\u00fcrger liegen bereits \u00fcberschritten&#8221; und &#8220;Ausl\u00e4nder mit Wohnsitz in Spanien&#8221;.<\/p>\n<p>In diesem Sinne \u00e4u\u00dferten ihre Ablehnung des &#8220;alle die Ma\u00dfnahmen, die gegen die Grunds\u00e4tze der Universalit\u00e4t der Pflege und der Zusammenhalt des territorialen Systems Erhaltung gehen&#8221;.<\/p>\n<p>Auch haben gefragt, &#8220;noch einmal&#8221;, das Ministerium f\u00fcr Gesundheit, &#8220;Aufforderung sozialen und institutionellen Dialogs mit den autonomen Gemeinschaften, politische Parteien und soziale Akteure in den Inter territorialen Rates und parlamentarischen B\u00fcros&#8221;.<\/p>\n<p>Dr\u00e4ngten auch das Gesundheitsministerium die autonome Entscheidung respektiert und verstehen, dass Gesundheit einen konstitutionellen Raum der Mitverantwortung.<\/p>\n<p>Haben deutlich gemacht, den Beitrag der autonomen Gemeinschaften k\u00f6nnen auch verbessern, die Qualit\u00e4t und Effizienz der spanischen Gesundheit.<\/p>\n<p>Haben auch davor gewarnt, dass die Reform des nationalen Gesundheitssystems mit gemeinsamen institutionellen beginnen sollte und demokratischen Dialog Situation, das hat bis jetzt nicht.<\/p>\n<p>Schlie\u00dflich warnen davor, dass die L\u00f6sung f\u00fcr die aktuelle Situation der Wirtschaft-R\u00fcckzieher nicht vorbeigehen zur Einf\u00fchrung einer Wirtschafts- und Sozialmodells basierend auf die Beschr\u00e4nkung der grundlegenden grundlegende Rechte wie Gesundheit oder die Abdeckung und das Management \u00f6ffentlicher Dienstleistungen zu privatisieren.<\/p>\n<p>Haben auch ber\u00fccksichtigt, dass soziale, politische und berufliche Unterst\u00fctzung des \u00f6ffentlichen Gesundheitswesens, die derzeit vorhanden ist &#8220;k\u00f6nnen zerbrechen, wenn die Grunds\u00e4tze der Gerechtigkeit und Zusammenhalt Verlust wuchert&#8221;.<\/p>\n","protected":false},"excerpt":{"rendered":"<p>Vitoria, 29 Aug (EFE).-die Abteilungen der Gesundheit von Andalusien, Asturien, Kanarischen und baskischen Land, die nicht das Treffen in Valladolid mit Minister Ana Mato besucht haben, haben die Regierung bis Mai es Sporn des Dialogs und sie haben die K\u00fcrzungen, die wirksam Samstag verworfen. In einer gemeinsamen Erkl\u00e4rung, die aus der baskischen Regierung entlassen, haben [&hellip;]<\/p>\n","protected":false},"author":1,"featured_media":0,"comment_status":"close","ping_status":"open","sticky":false,"template":"","format":"standard","meta":{"footnotes":""},"categories":[3],"tags":[49006],"class_list":["post-40970","post","type-post","status-publish","format-standard","hentry","category-allgemeine","tag-preiswerte","et-doesnt-have-format-content","et_post_format-et-post-format-standard"],"_links":{"self":[{"href":"https:\/\/www.best-dentist-dentistry.com\/de\/wp-json\/wp\/v2\/posts\/40970","targetHints":{"allow":["GET"]}}],"collection":[{"href":"https:\/\/www.best-dentist-dentistry.com\/de\/wp-json\/wp\/v2\/posts"}],"about":[{"href":"https:\/\/www.best-dentist-dentistry.com\/de\/wp-json\/wp\/v2\/types\/post"}],"author":[{"embeddable":true,"href":"https:\/\/www.best-dentist-dentistry.com\/de\/wp-json\/wp\/v2\/users\/1"}],"replies":[{"embeddable":true,"href":"https:\/\/www.best-dentist-dentistry.com\/de\/wp-json\/wp\/v2\/comments?post=40970"}],"version-history":[{"count":0,"href":"https:\/\/www.best-dentist-dentistry.com\/de\/wp-json\/wp\/v2\/posts\/40970\/revisions"}],"wp:attachment":[{"href":"https:\/\/www.best-dentist-dentistry.com\/de\/wp-json\/wp\/v2\/media?parent=40970"}],"wp:term":[{"taxonomy":"category","embeddable":true,"href":"https:\/\/www.best-dentist-dentistry.com\/de\/wp-json\/wp\/v2\/categories?post=40970"},{"taxonomy":"post_tag","embeddable":true,"href":"https:\/\/www.best-dentist-dentistry.com\/de\/wp-json\/wp\/v2\/tags?post=40970"}],"curies":[{"name":"wp","href":"https:\/\/api.w.org\/{rel}","templated":true}]}}