{"id":40972,"date":"2014-09-10T03:02:18","date_gmt":"2014-09-10T03:02:18","guid":{"rendered":null},"modified":"-0001-11-30T00:00:00","modified_gmt":"-0001-11-30T00:00:00","slug":"mato-said-that-no-one-will-be-neglected-but-will-pay-anyone-with-no-card","status":"publish","type":"post","link":"https:\/\/www.best-dentist-dentistry.com\/de\/mato-said-that-no-one-will-be-neglected-but-will-pay-anyone-with-no-card\/40972","title":{"rendered":"Mato sagte, dass &#8220;niemand vernachl\u00e4ssigt werden wird&#8221;, aber zahlt jemand mit keine Karte"},"content":{"rendered":"<p class=\"first\"> Valladolid, 29 Aug (EFE).-der Minister f\u00fcr Gesundheit, soziale Dienste und Gleichheit, Ana Mato, sagte heute, dass &#8220;niemand in Gesundheitszentren, vernachl\u00e4ssigt werden wird&#8221;, obwohl es als jene B\u00fcrger, die qualifiziert hat &#8220;Krankenversicherungskarte, die Hilfe bezahlen keinen&#8221;.<\/p>\n<p>W\u00e4hrend der Er\u00f6ffnung eines Treffens in Valladolid mit Vertretern der neun Autonomien, Mato hat ge\u00e4u\u00dfert, dass Gesundheitsversorgung &#8220;wird weiterhin f\u00fcr alle diejenigen, die es brauchen&#8221; durch &#8220;Verwaltungsverfahren&#8221;, die die autonomen Gemeinschaften entwickeln wird &#8220;Weile deshalb erzeugen keinerlei Rechte, dass es zu bestimmten Missbrauch oder das Put gef\u00e4hrdet die Nachhaltigkeit des Systems f\u00fchren k\u00f6nnte&#8221;.<\/p>\n<p>Mato ist der Auffassung, dass die Zahlung des Gesundheitswesens durch die B\u00fcrger, die keine Karte haben wurde bereits ins Auge, in der General Health Act von 1986 gefasst und betont, dass das vorgeschlagene Modell garantieren Unterst\u00fctzung f\u00fcr alle Kinder und schwangere Frauen.<\/p>\n<p>Hat auch darauf bestanden, dass die Verh\u00fctung und Bek\u00e4mpfung \u00fcbertragbarer Krankheiten durch Programme der Gesundheitsf\u00fcrsorge, als auch als Notfall Behandlung und \u00dcberwachung von chronischen &#8220;f\u00fcr Ausl\u00e4nder ohne Gesundheitsversorgung Abdeckung und Aufenthaltsgenehmigung&#8221; ist garantiert.<\/p>\n<p>&#8220;Es ist keine Frage der wirtschaftlichen Anpassung, es ist die Europ\u00e4ische Verordnung entsprechen und die Schlussfolgerungen des Berichts des Rechnungshofes hat hervorgehoben, Mato, davon \u00fcberzeugt, dass mit diesen \u00c4nderungen in den rechtlichen Rahmen der Qualit\u00e4tssicherung&#8221;das Prinzip der Gegenseitigkeit&#8221;gew\u00e4hrleistet ist wenn die Spanier ins Ausland reisen.<\/p>\n<p>Der Minister, traf vor Treffen mit Ratgeber mit dem Pr\u00e4sidenten des Board von Castilla y Le\u00f3n, Juan Vicente Herrera, sagte, dass diese Ma\u00dfnahmen dazu dienen, &#8220;Gesundheitstourismus Einhalt zu Gebieten&#8221;, dass es Spanien gekostet hat jedes Jahr mehr als 1 Milliarde Euro laut den Sch\u00e4tzungen des Rechnungshofs von Mato verwendet.<\/p>\n<p>Die Sitzung, als &#8220;Beratende&#8221; und &#8220;informellen&#8221; betrachtet nahmen Leiter von Aragon, Murcia, Galicien, Katalonien, La Rioja, Madrid, Balearen, Extremadura und Castilla y Le\u00f3n, w\u00e4hrend Vertreter der Regionen wie dem Baskenland und Asturien nicht gekommen sind, zu ber\u00fccksichtigen, dass das Treffen keinen formalen Entscheidungen Aufruf war.<\/p>\n<p>Der Gesundheit-Berater von Castilla y Le\u00f3n, Antonio Saez, hat ein Sprecher, den Inhalt des Treffens, zu erkl\u00e4ren, in denen das Ministerium und die autonomen Gemeinschaften vereinbart haben, in den n\u00e4chsten paar Monaten m\u00f6glich \u00c4nderungen in das Zahlungssystem von Angeh\u00f6rigen der Gesundheitsberufe zu studieren, gibt es ein Konsens \u00fcber die Idee, dass der Strom &#8220;nicht das geeignetste diesmal&#8221;.<\/p>\n<p>Saez erkl\u00e4rte, dass es eine erste &#8220;Reflexion&#8221; zur Verbesserung der es belohnt und es sp\u00e4ter mit Fachgesellschaften, Berufsverb\u00e4nde und Gewerkschaften verhandeln.<\/p>\n<p>Zu diesem Thema, sagte der Minister dem Directors gibt &#8220;bestimmte Stagnation&#8221; in die Human Resources Politik im Gesundheitswesen, auch davon betroffen &#8220;bestimmte regulatorische Dispersion&#8221;.<\/p>\n<p>&#8220;Muss f\u00fchren zu L\u00f6sungen und innovativen Ma\u00dfnahmen, sensibel, was Profis und \u00f6ffentlichen Verwaltungen erfordern verlangen&#8221;, in den Worten von Mato, h\u00e4lt, die es f\u00fcr wichtig, die Effizienz bei der Verwaltung und die Motivation der Gesundheit der Arbeitnehmer zu ber\u00fccksichtigen.<\/p>\n<p>Aus diesem Grund Mato hat auch verbessert &#8220;Autonomie und Verantwortung&#8221; der Gesundheit bei der Aus\u00fcbung ihres Berufes, da sie verdienen ein gutes &#8220;soziale Anerkennung&#8221;.<\/p>\n","protected":false},"excerpt":{"rendered":"<p>Valladolid, 29 Aug (EFE).-der Minister f\u00fcr Gesundheit, soziale Dienste und Gleichheit, Ana Mato, sagte heute, dass &#8220;niemand in Gesundheitszentren, vernachl\u00e4ssigt werden wird&#8221;, obwohl es als jene B\u00fcrger, die qualifiziert hat &#8220;Krankenversicherungskarte, die Hilfe bezahlen keinen&#8221;. W\u00e4hrend der Er\u00f6ffnung eines Treffens in Valladolid mit Vertretern der neun Autonomien, Mato hat ge\u00e4u\u00dfert, dass Gesundheitsversorgung &#8220;wird weiterhin f\u00fcr [&hellip;]<\/p>\n","protected":false},"author":1,"featured_media":0,"comment_status":"close","ping_status":"open","sticky":false,"template":"","format":"standard","meta":{"footnotes":""},"categories":[3],"tags":[49006,49007],"class_list":["post-40972","post","type-post","status-publish","format-standard","hentry","category-allgemeine","tag-preiswerte","tag-vernachlssigt","et-doesnt-have-format-content","et_post_format-et-post-format-standard"],"_links":{"self":[{"href":"https:\/\/www.best-dentist-dentistry.com\/de\/wp-json\/wp\/v2\/posts\/40972","targetHints":{"allow":["GET"]}}],"collection":[{"href":"https:\/\/www.best-dentist-dentistry.com\/de\/wp-json\/wp\/v2\/posts"}],"about":[{"href":"https:\/\/www.best-dentist-dentistry.com\/de\/wp-json\/wp\/v2\/types\/post"}],"author":[{"embeddable":true,"href":"https:\/\/www.best-dentist-dentistry.com\/de\/wp-json\/wp\/v2\/users\/1"}],"replies":[{"embeddable":true,"href":"https:\/\/www.best-dentist-dentistry.com\/de\/wp-json\/wp\/v2\/comments?post=40972"}],"version-history":[{"count":0,"href":"https:\/\/www.best-dentist-dentistry.com\/de\/wp-json\/wp\/v2\/posts\/40972\/revisions"}],"wp:attachment":[{"href":"https:\/\/www.best-dentist-dentistry.com\/de\/wp-json\/wp\/v2\/media?parent=40972"}],"wp:term":[{"taxonomy":"category","embeddable":true,"href":"https:\/\/www.best-dentist-dentistry.com\/de\/wp-json\/wp\/v2\/categories?post=40972"},{"taxonomy":"post_tag","embeddable":true,"href":"https:\/\/www.best-dentist-dentistry.com\/de\/wp-json\/wp\/v2\/tags?post=40972"}],"curies":[{"name":"wp","href":"https:\/\/api.w.org\/{rel}","templated":true}]}}