{"id":4104,"date":"2012-03-08T18:00:44","date_gmt":"2012-03-08T18:00:44","guid":{"rendered":null},"modified":"-0001-11-30T00:00:00","modified_gmt":"-0001-11-30T00:00:00","slug":"semergen-and-esteve-drive-the-creation-of-a-chronicity-chair-together-with-the-catholic-university-of-valencia","status":"publish","type":"post","link":"https:\/\/www.best-dentist-dentistry.com\/de\/semergen-and-esteve-drive-the-creation-of-a-chronicity-chair-together-with-the-catholic-university-of-valencia\/4104","title":{"rendered":"SEMERGEN und ESTEVE fahren die Schaffung einer Chronizit\u00e4t Stuhl zusammen mit der katholischen Universit\u00e4t von Valencia"},"content":{"rendered":"<p><font   size=\"2\"> <font size=\"3\"> <strong>SEMERGEN und ESTEVE fahren die Schaffung eines Lehrstuhls an der katholischen Universit\u00e4t von Valencia-Chronizit\u00e4t<\/strong><\/font> <\/p>\n<p>-Eines der wesentlichen Ziele, zusammen mit den Bildungs- und Ausbildungsma\u00dfnahmen werden zur F\u00f6rderung der integrierten Forschung \u00fcber Krankheiten Chronicles. <\/p>\n<p>-Herzinsuffizienz und chronischen Nierenerkrankungen werden, zun\u00e4chst, die Hauptachsen auf dem Drehen der Arbeit Lehre und Forschung. <\/p>\n<p>-La Chair startet im April 2012einmal offiziell die Vereinbarung zu formalisieren. <\/p>\n<p><strong>Valencia, M\u00e4rz 2012.-<\/strong> Ab n\u00e4chsten April wird die spanische Gesellschaft der \u00c4rzte in der Grundversorgung (SEMERGEN), in Zusammenarbeit mit ESTEVE, der SEMERGEN-ESTEVE-Vorsitzende der Chronizit\u00e4t, zusammen mit der katholischen Universit\u00e4t von Valencia San Vicente M\u00e1rtir (UCV) erstellen. Dieser Stuhl ist zur F\u00f6rderung die Forschung, Studium und Realisierung von wissenschaftlichen und klinischen Arbeit im Bereich der chronischen Patientenversorgung. <\/p>\n<p>Dieses Kooperationsabkommen zwischen der UCV und ESTEVE ist hat gewesen brauen f\u00fcr fast ein Jahr, und zun\u00e4chst Posen als strategische Linien der Forschung f\u00fcr einen Zeitraum von vier Jahren, von 2012 bis 2016, chronischer Herzinsuffizienz und chronischer Nierenerkrankung, beide eine weitreichende gesundheitliche Probleme und wirtschaftlichen in unserem Land. <\/p>\n<p>Zwar fehlt noch die Vereinbarung, mit der offiziellen Unterzeichnung der Beteiligten, zu formalisieren ist der Stuhl bereits Realit\u00e4t. Speziell f\u00fcr dieses Jahr bereits vereinbarten Start zwei Thesen, Chronizit\u00e4t, mehrere Aktivit\u00e4ten in Zusammenarbeit mit verschiedenen \u00f6ffentlichen und privaten Institutionen, zwei Kurse weitergef\u00fchrt und legt mehrere Mitteilungen zu Kongressen und Konferenzen der Referenz als auch als zur Teilnahme an der Master von AP (2012-2013) und erstellen Sie ein Forum f\u00fcr Diskussion (des Wagens) Zeichen ein Kooperationsvertrag mit der Universit\u00e4t Miguel Hern\u00e1ndez(j\u00e4hrliche Zeichen) nach dem Vorbild der Grundversorgung in Spanien. <\/p>\n<p>Der Stuhl wird sich verpflichten, diese Ausbildungsaktivit\u00e4ten und Ver\u00f6ffentlichungen aus Arbeit und Studien, die zur Entwicklung und Konsolidierung von \u00c4rzten und medizinischem Personal beitragen. Die Entwicklung dieser Aktivit\u00e4ten wird durch die Fakult\u00e4t von der UCV durchgef\u00fchrt werden. <\/p>\n<p>Eines der wesentlichen Ziele dieser Stuhl neben den Bildungs-und Ausbildungsma\u00dfnahmen zur F\u00f6rderung der Forschung auf chronische Krankheiten, reichen von grundlegenden Wissenschaften wie angewendet integriert werden und klinische Aspekte, versucht sogar Erstellen von Verkn\u00fcpfungen zwischen Angeh\u00f6rigen der Gesundheitsberufe Spanier und Ausl\u00e4nder in diesem Bereich. Der wissenschaftliche Ausschuss, der dieser Stuhl getrieben hat ist von den \u00c4rzten Jos\u00e9 Luis Llisterri, Rafael Mic\u00f3, Vicente Pallar\u00e9s, Francisco Valls und Gil Vicente gegr\u00fcndet. <\/p>\n<p><strong>Diagramm <br \/><\/strong> <br \/>Die Parteien haben eine Struktur festgelegt, in der eine akademische Beirat eingerichtet wurde und wird Direktor des Lehrstuhls zur direkten und f\u00f6rdern die Entwicklung dieses \u00dcbereinkommens sowie die Ausarbeitung des Arbeitsprogramms des Lehrstuhls ernannt werden. Diese haben des Titels des Arztes und wird durch den Rektor der Universit\u00e4t, auf Vorschlag der akademische Beirat, nach Annahme des Vizepr\u00e4sidenten f\u00fcr akademische Planung ernannt werden. Werden die Verantwortung des Direktors vorschlagen, das Board of Directors die allgemeinen Linien der Arbeit, sowie einen Jahresplan mit Aktivit\u00e4ten f\u00fcr die Entwicklung und den Zeitplan f\u00fcr die Umsetzung; Es werden auch verantwortlich f\u00fcr die Organisation und Koordination der Aktivit\u00e4ten des Lehrstuhls und der Wirtschaftsf\u00fchrung der gleichen. <\/p>\n<p><strong>Schwerpunkt Herzinsuffizienz und Nierenerkrankung<\/strong> <\/p>\n<p>Herzinsuffizienz (CI) ist eine Erkrankung der weitreichenden Sozial-und Gesundheitsdiensten. Seine schlechte Prognose mit hoher Sterblichkeit (in einigen F\u00e4llen sogar mehr als einige b\u00f6sartigen Tumoren) und Morbidit\u00e4t (mit zahlreichen und kostenintensive Krankenhausaufenthalte), sowie die progressive Zunahme der Inzidenz machen diese Pathologie ist eine der wichtigsten gesundheitlichen Probleme heute. <\/p>\n<p>Die Rolle des Arztes von AP, in enger Abstimmung mit dem Facharzt f\u00fcr Kardiologie und Innere Medizin, ist wichtig f\u00fcr die ordnungsgem\u00e4\u00dfe Verwaltung des IC, das erlaubt, die aktuellen Morbidit\u00e4t und Mortalit\u00e4t des Syndroms zu reduzieren, als auch die Lebensqualit\u00e4t der Patienten zu verbessern. Daher, dass der Hausarzt immer im Kampf gegen diese Krankheit, die in Zusammenarbeit mit Fachkr\u00e4ften aus anderen Ebenen der Versorgung einbezogen werden. <\/p>\n<p>Um zu versuchen, reduziert die Inzidenz des IC in der Bev\u00f6lkerung und die hohe Sterblichkeit, die mit geht, ist es wichtig, die Verteilung, H\u00e4ufigkeit und Determinanten der Krankheit in unserer Umgebung, mit besonderem Augenmerk auf die kausale ver\u00e4nderbare Risikofaktoren, Komorbidit\u00e4t, Medikalisierung und soziale Situation des Patienten besser kennen zu lernen; Deshalb soll zur Durchf\u00fchrung einer beschreibenden Querschnitt- und multizentrischen Studie (1. Phase) und Kohorte (zweite Phase), diese Fragen zu beantworten. <\/p>\n<p>F\u00fcr seinen Teil, la Enfermedad renal Cr\u00f3nica (ERC) ist ein Gesundheitsproblem ersten Ranges in den entwickelten Gesellschaften aufgrund der progressiven Anstieg der die Pr\u00e4valenz (insbesondere in der terminal Phase) und seine Verkn\u00fcpfung mit eine h\u00f6here Morbidit\u00e4t und Mortalit\u00e4t (vor allem Herz-Kreislauf). Der ERC ist jedoch immer noch eine unten-diagnostiziert und unten behandelten Krankheit auf allen Ebenen der Pflege, d.h. eine verpasste Gelegenheit f\u00fcr die Pr\u00e4vention. <\/p>\n<p>Die ordnungsgem\u00e4\u00dfe Kontrolle der wichtigsten Risikofaktoren f\u00fcr die ERC (Diabetes, Bluthochdruck), Fr\u00fcherkennung und der Polifarmacia sind die gro\u00dfen Linien der Arbeit des Lehrstuhls im Bereich dieser Krankheit. <\/p>\n<p><strong>\u00dcber ESTEVE<\/strong> <\/p>\n<p>ESTEVE ist eine f\u00fchrende Pharmazeutische Gruppe in Spanien und eine starke internationale Pr\u00e4senz. Seit seiner Gr\u00fcndung im Jahre 1929, unterh\u00e4lt ein starkes Engagement f\u00fcr Exzellenz, alle ihre Bem\u00fchungen zur F\u00f6rderung der Gesundheit und Verbesserung der Qualit\u00e4t des Lebens der Menschen zu widmen. ESTEVE Forschung stellt ihre wichtigsten Markenzeichen und verf\u00fcgt \u00fcber ein Portfolio von hochinnovativen Projekten deren endg\u00fcltige Antworten auf medizinische Bed\u00fcrfnisse nicht angemessen abgedeckt soll. In diesem Sinne wie Projekte diese helfen, die Anwesenheit von ESTEVE als Partner der Referenz im Bereich der Chronizit\u00e4t zu st\u00e4rken. <\/p>\n<p><strong>\u00dcber UCV<\/strong> <\/p>\n<p>Der katholischen Universit\u00e4t von Valencia  San Vicente M\u00e1rtir &#8221; (UCV) gegr\u00fcndet 8. Dezember 2003, Frucht der Universit\u00e4t durchgef\u00fchrten Arbeiten f\u00fcr mehr als f\u00fcnfzig Jahren von der University School of nursing &#8220;Ntra.&#8221; &#8220;Frau de Los Desamparados&#8221;, mehr als drei\u00dfig Edetania Stiftung und mehr als zehn von der Firma Studien Fakult\u00e4t. Die Suche UCV zur gleichen Zeit, eine anspruchsvolle Qualit\u00e4t des universit\u00e4ren Lebens: die gemeinsame Arbeit zwischen Glaube und Vernunft; die St\u00e4rkung einer echten Universit\u00e4t Gemeinschaft in einer Atmosph\u00e4re der akademischen Freundschaft; und der Zweck des Erstellens und Verwaltens einer einzigartig personalisierten p\u00e4dagogischen Beziehung mit der Universit\u00e4t. <\/p>\n<p><strong>Spanische Gesellschaft f\u00fcr \u00c4rzte in der Grundversorgung (SEMERGEN)<\/strong> <\/p>\n<p>SEMERGEN ist der Pionier der Grundversorgung in Spanien, mit 38 Jahren Erfahrung. Er wurde gegr\u00fcndet mit dem Ziel der F\u00f6rderung der Familienmedizin, durch die Erhaltung und Verbesserung der Fachkompetenz der \u00c4rzte, F\u00f6rderung der Forschung und die Weiterbildung des Arztes zu erleichtern, um die Qualit\u00e4t in der Pflege der Gesundheit der B\u00fcrger zu erhalten. <\/p>\n<p>Derzeit SEMERGEN hat mehr als zehntausend Mitglieder, und in allen professionellen Bereichen vorhanden ist, wird die wissenschaftliche Gesellschaft, die zusammen bringt die meisten \u00c4rzte arbeiten in der Grundversorgung. <\/p>\n<p>Es hat 17 regionale Delegationen und demokratische Wahlen alle 4 Jahre stattfinden. SEMERGEN Stiftung wurde 1999 gegr\u00fcndet. Seine drei\u00dfig-vierte nationale Kongress, sowie Dutzende von regionalen Konferenzen in diesem Jahr stattfinden. Www.semergen.es finden sie alle Informationen \u00fcber die Aktivit\u00e4ten, organisiert von der Gesellschaft. <\/p>\n<p><\/font><\/p>\n","protected":false},"excerpt":{"rendered":"<p>SEMERGEN und ESTEVE fahren die Schaffung eines Lehrstuhls an der katholischen Universit\u00e4t von Valencia-Chronizit\u00e4t -Eines der wesentlichen Ziele, zusammen mit den Bildungs- und Ausbildungsma\u00dfnahmen werden zur F\u00f6rderung der integrierten Forschung \u00fcber Krankheiten Chronicles. -Herzinsuffizienz und chronischen Nierenerkrankungen werden, zun\u00e4chst, die Hauptachsen auf dem Drehen der Arbeit Lehre und Forschung. -La Chair startet im April 2012einmal [&hellip;]<\/p>\n","protected":false},"author":1,"featured_media":0,"comment_status":"close","ping_status":"open","sticky":false,"template":"","format":"standard","meta":{"footnotes":""},"categories":[3],"tags":[12919,12918],"class_list":["post-4104","post","type-post","status-publish","format-standard","hentry","category-allgemeine","tag-katholischen","tag-richtliniennderungen","et-doesnt-have-format-content","et_post_format-et-post-format-standard"],"_links":{"self":[{"href":"https:\/\/www.best-dentist-dentistry.com\/de\/wp-json\/wp\/v2\/posts\/4104","targetHints":{"allow":["GET"]}}],"collection":[{"href":"https:\/\/www.best-dentist-dentistry.com\/de\/wp-json\/wp\/v2\/posts"}],"about":[{"href":"https:\/\/www.best-dentist-dentistry.com\/de\/wp-json\/wp\/v2\/types\/post"}],"author":[{"embeddable":true,"href":"https:\/\/www.best-dentist-dentistry.com\/de\/wp-json\/wp\/v2\/users\/1"}],"replies":[{"embeddable":true,"href":"https:\/\/www.best-dentist-dentistry.com\/de\/wp-json\/wp\/v2\/comments?post=4104"}],"version-history":[{"count":0,"href":"https:\/\/www.best-dentist-dentistry.com\/de\/wp-json\/wp\/v2\/posts\/4104\/revisions"}],"wp:attachment":[{"href":"https:\/\/www.best-dentist-dentistry.com\/de\/wp-json\/wp\/v2\/media?parent=4104"}],"wp:term":[{"taxonomy":"category","embeddable":true,"href":"https:\/\/www.best-dentist-dentistry.com\/de\/wp-json\/wp\/v2\/categories?post=4104"},{"taxonomy":"post_tag","embeddable":true,"href":"https:\/\/www.best-dentist-dentistry.com\/de\/wp-json\/wp\/v2\/tags?post=4104"}],"curies":[{"name":"wp","href":"https:\/\/api.w.org\/{rel}","templated":true}]}}