{"id":41053,"date":"2014-09-10T03:33:15","date_gmt":"2014-09-10T03:33:15","guid":{"rendered":null},"modified":"-0001-11-30T00:00:00","modified_gmt":"-0001-11-30T00:00:00","slug":"associations-against-aids-reported-difficulties-of-access-to-medicines-after-the-new-health-decree","status":"publish","type":"post","link":"https:\/\/www.best-dentist-dentistry.com\/de\/associations-against-aids-reported-difficulties-of-access-to-medicines-after-the-new-health-decree\/41053","title":{"rendered":"associations against aids reported difficulties of access to medicines after the new health decree"},"content":{"rendered":"<p class=\"first\"> die Haltung der Ablehnung der spanischen Patienten verringert, sondern &#8220;Es bleibt unhaltbaren Ebene&#8221;<\/p>\n<p>VALENCIA, 30 (EUROPA PRESS)<\/p>\n<p>Spanische Gesellschaft f\u00fcr interdisziplin\u00e4re <\/p>\n<p>gegen AIDS (Seisida), \u00c4rzte der Welt und den Kampf gegen AIDS (Calcsicova) Koordinator warnten bei einer Pressekonferenz Freitag nach Inkrafttreten des Dekrets der Krankenversicherung f\u00fcr Ausl\u00e4nder in einer irregul\u00e4ren Situation ausschlie\u00dft verursacht Schwierigkeiten beim Zugang zu Medikamenten, die zusammen mit den K\u00fcrzungen&#8221;es f\u00fchrt zu mehr F\u00e4lle von infizierten&#8221;. <\/p>\n<p>Die drei Verb\u00e4nde haben angeboten Freitag eine gemeinsame Pressekonferenz anl\u00e4sslich der Welttag f\u00fcr die Bek\u00e4mpfung von AIDS, die ein Manifest vorgelegt und eine Studie \u00fcber die Einstellung der spanischen Gesellschaft gegen\u00fcber Menschen mit HIV, die zeigt, dass Ablehnung verringert sich in den vergangenen vier Jahren aber &#8220;Es bleibt unhaltbaren Ebene&#8221;.<\/p>\n<p>, Pr\u00e4sident von \u00c4rzte der Welt in Valencia, Rafael Sotoca, sagte, dass zwei F\u00e4lle von Menschen bereits sie in Valencia, die angekommen sind &#8220;keinen Zugang hatten&#8221; um die antiretrovirale Behandlung. In diesem Zusammenhang hat es davor gewarnt, dass Papiere haben &#8220;Angst&#8221;, diese Situationen f\u00fcr die Folgen zu verurteilen, die auf die Regularisierung von ihrem Status haben k\u00f6nnte. <\/p>\n<p>Sotoca erkl\u00e4rte, dass diese &#8220;mangelnde Kontrolle&#8221; der am meisten gef\u00e4hrdeten Menschen &#8220;Bew\u00e4sserung&#8221; ist nicht nur f\u00fcr die Menschen, sondern f\u00fcr die gesamte Bev\u00f6lkerung der Comunitat Valenciana da F\u00e4lle von betroffenen &#8220;haben eine Erholung&#8221;. &#8220;Tierschutz-Gesetz f\u00fcr alle B\u00fcrger gew\u00e4hrleistet werden muss und kann nicht auf den guten Willen der Person, die auf der anderen Seite des Schreibtisches ist abh\u00e4ngig&#8221;, hat ger\u00fcgt. <\/p>\n<p>In diesem Zusammenhang hat der Pr\u00e4sident des Calcsicova, Carlos Manuel G\u00f3mez Garc\u00eda, in der Region Valencia gibt es &#8220;viel Verwirrung&#8221;, nachdem die drei Rundschreiben herausgegeben vom Ministerium f\u00fcr Gesundheit zu bestimmen, die Anwendung dieser Verordnung und noch eine Viertel erwarten hingewiesen.<\/p>\n<p>Dies verursachte F\u00e4lle von &#8220;schwerwiegende Diskriminierung&#8221;, gegen die einige von ihnen sogar glauben, dass Patienten ein paar Tage ohne Behandlung, zusammen mit &#8220;viel Furcht und Angst&#8221; wurden unter anderen betroffenen k\u00fcndigen. Jedoch darauf hingewiesen, dass &#8220;im allgemeinen&#8221; Behandlung auf der ganzen Welt erreicht. <\/p>\n<p>Gomez hat auch davor gewarnt, die Schnitte des Ministeriums f\u00fcr Gesundheitsprogramme und Subventionen f\u00fcr Verb\u00e4nde, die Bek\u00e4mpfung von AIDS verursachen, die Dienstleistungen, die seit 30 Jahren angeboten werden, gibt es das &#8220;Sie verlassen bereits zur Verf\u00fcgung stellen&#8221;. Aus diesem Grund hat es davor gewarnt, dass diese Politik der K\u00fcrzungen &#8220;Neuinfektionen und eine Erh\u00f6hung der Ausgaben theoretisch versuchen zu verringern&#8221; bewirken. <\/p>\n<p>In der Tat, sagte Sie, dass zum ersten Mal in 10 Jahren gestiegen &#8220;sehr wenig&#8221; AIDS-F\u00e4lle und was ist ernster, neue Infektionen, bis zu dem Punkt, der einen neuen Fall bisher ohne Menschen diesen Test gefunden in der Region registrieren nicht vorgenommen wurden.<\/p>\n<p>Bericht<\/p>\n<p>In der Zwischenzeit hat Maria Jos\u00e9 Fuster, Sesida, <\/p>\n<p>die aktuelle Studie &#8220;Einstellung der spanischen Bev\u00f6lkerung gegen\u00fcber Menschen mit HIV. pr\u00e4sentiert Evolution 2008 \u2013 2012 &#8220;, die einen R\u00fcckgang des Anteils der Menschen, die eine Ablehnung dieser Patienten halten zwar noch&#8221;Preisen unertr\u00e4glich&#8221;offenbaren. <\/p>\n<p>, 50 Prozent der Spanier w\u00fcrde unangenehm sein, wenn ihr Kind war ein Partner mit HIV, 8 Prozent weniger als im Jahr 2008 27 % kauft man in einem Gesch\u00e4ft mit einem Mitarbeiter hatte das Virus weniger; 4 % und 40 %, wenn ein Mitarbeiter, 5 % weniger.<\/p>\n<p>Dar\u00fcber hinaus 29 % w\u00fcrde versuchen, dass mit den infizierten jemand, 4 % weniger zu vermeiden.<\/p>\n<p>Zus\u00e4tzlich der Verfasser des Berichts hervorgehoben, die auch auf sieben Punkte gesenkt worden, sind die Spanier unterst\u00fctzen, diskriminierende Politik Unterst\u00fctzung besteht darin, die Namen der infizierten Menschen mit HIV zu vermeiden ver\u00f6ffentlichen oder, die diese Personen wurden getrennt.<\/p>\n<p>In der gleichen Weise reduzieren die \u00dcberzeugungen, die wissenschaftlich als denken falsch bewiesen, dass sie in einem Badezimmer, 15 Prozent, oder durch den Stich einer M\u00fccke, 34 % infiziert werden k\u00f6nnen. Dar\u00fcber hinaus wies darauf hin, dass es &#8220;eine Freude&#8221; war zu pr\u00fcfen, ob die 17 pro Cent ja einen infizierten Partner, ein Anstieg um 6 % h\u00e4tte.<\/p>\n<p>Fuster hat darauf hingewiesen, dass diese \u00c4nderung in der Haltung durch die &#8220;intensive Arbeit&#8221; von NGOs, wissenschaftlichen Gesellschaften und Beh\u00f6rden, sondern, dass seine gezeigt hat Angst, dass die Schnitte einen neuen R\u00fcckschlag verursachen k\u00f6nnen.  <\/p>\n","protected":false},"excerpt":{"rendered":"<p>die Haltung der Ablehnung der spanischen Patienten verringert, sondern &#8220;Es bleibt unhaltbaren Ebene&#8221; VALENCIA, 30 (EUROPA PRESS) Spanische Gesellschaft f\u00fcr interdisziplin\u00e4re gegen AIDS (Seisida), \u00c4rzte der Welt und den Kampf gegen AIDS (Calcsicova) Koordinator warnten bei einer Pressekonferenz Freitag nach Inkrafttreten des Dekrets der Krankenversicherung f\u00fcr Ausl\u00e4nder in einer irregul\u00e4ren Situation ausschlie\u00dft verursacht Schwierigkeiten beim [&hellip;]<\/p>\n","protected":false},"author":1,"featured_media":0,"comment_status":"close","ping_status":"open","sticky":false,"template":"","format":"standard","meta":{"footnotes":""},"categories":[3],"tags":[49067],"class_list":["post-41053","post","type-post","status-publish","format-standard","hentry","category-allgemeine","tag-gemeinschaft-gesundheitsplan","et-doesnt-have-format-content","et_post_format-et-post-format-standard"],"_links":{"self":[{"href":"https:\/\/www.best-dentist-dentistry.com\/de\/wp-json\/wp\/v2\/posts\/41053","targetHints":{"allow":["GET"]}}],"collection":[{"href":"https:\/\/www.best-dentist-dentistry.com\/de\/wp-json\/wp\/v2\/posts"}],"about":[{"href":"https:\/\/www.best-dentist-dentistry.com\/de\/wp-json\/wp\/v2\/types\/post"}],"author":[{"embeddable":true,"href":"https:\/\/www.best-dentist-dentistry.com\/de\/wp-json\/wp\/v2\/users\/1"}],"replies":[{"embeddable":true,"href":"https:\/\/www.best-dentist-dentistry.com\/de\/wp-json\/wp\/v2\/comments?post=41053"}],"version-history":[{"count":0,"href":"https:\/\/www.best-dentist-dentistry.com\/de\/wp-json\/wp\/v2\/posts\/41053\/revisions"}],"wp:attachment":[{"href":"https:\/\/www.best-dentist-dentistry.com\/de\/wp-json\/wp\/v2\/media?parent=41053"}],"wp:term":[{"taxonomy":"category","embeddable":true,"href":"https:\/\/www.best-dentist-dentistry.com\/de\/wp-json\/wp\/v2\/categories?post=41053"},{"taxonomy":"post_tag","embeddable":true,"href":"https:\/\/www.best-dentist-dentistry.com\/de\/wp-json\/wp\/v2\/tags?post=41053"}],"curies":[{"name":"wp","href":"https:\/\/api.w.org\/{rel}","templated":true}]}}