{"id":41133,"date":"2014-09-10T04:21:20","date_gmt":"2014-09-10T04:21:20","guid":{"rendered":null},"modified":"-0001-11-30T00:00:00","modified_gmt":"-0001-11-30T00:00:00","slug":"mato-convenes-tomorrow-to-the-ccaa-to-an-informal-meeting-in-barcelona-to-move-forward-on-the-pact-with-doctors-and-nurses","status":"publish","type":"post","link":"https:\/\/www.best-dentist-dentistry.com\/de\/mato-convenes-tomorrow-to-the-ccaa-to-an-informal-meeting-in-barcelona-to-move-forward-on-the-pact-with-doctors-and-nurses\/41133","title":{"rendered":"Mato tagt morgen um die CCAA zu einem informellen Treffen in Barcelona den Pakt mit \u00c4rzten und Krankenschwestern voranzutreiben"},"content":{"rendered":"<p>&lt;!-Google_ad_section_start&#8211;> <\/p>\n<p class=\"first\"> MADRID, 13 (EUROPA PRESS)<\/p>\n<p>des Ministers f\u00fcr Gesundheit, soziale Dienste und Geschlechter, Ana Mato, hat gefordert, dass Samstag Morgen in Barcelona ein informelles Treffen mit den Direktoren der Gesundheit und der autonomen Gemeinschaften, auf die Entwicklung des Bundes durch die Gesundheit mit \u00c4rzten und Krankenschwestern unterzeichnet den letzten Juli.<\/p>\n<p>Die Sitzung, in der Palacio Real de Pedralbes auf Vorschlag des katalanischen Strau\u00df, Boi Ruiz, Minister ist nicht die erste, die in dem Mato Gemeinschaften in einem anderen Zusammenhang zu der territorialen des Systems Nationalrat der Gesundheit (CISNS), l\u00e4dt seit letzten Sommer eine \u00e4hnliche Valladolid.<\/p>\n<p>Nach Abteilung Quellen von Europa Press konsultiert, die Agenda der Inter territorialen R\u00e4te tendenziell mehr geladenen Themen und Blick auf andere Themen monographische gewisserma\u00dfen als sollen auf der Tagung am Samstag mit dem Gesundheitswesen Pakt unterzeichnet mit den beiden die meisten gro\u00dfen Gesundheitsberufe.<\/p>\n<p>In diesem Sinne ist das Ziel, dass Gemeinschaften an der Entwicklung des Paktes mit \u00c4rzten und Krankenschwestern sind, ihre Vorschl\u00e4ge und definieren, welche Aspekte h\u00f6here Priorit\u00e4t einger\u00e4umt werden m\u00fcssen, zumal auch in den kommenden Wochen erwartet wird, dass das Ministerium, eine Konferenz mit Vertretern der diese Fachkr\u00e4fte des Gesundheitswesens, den Pakt zu f\u00f6rdern einzuberufen.<\/p>\n<p>In der Tat, Mato auch nutzen seinen Auftritt im Ausschuss f\u00fcr Gesundheit und soziale Dienste des Kongresses am kommenden Mittwoch mitteilen des Inhalts des Abkommens unterzeichnet wurde in La Moncloa in Anwesenheit des Pr\u00e4sidenten der Exekutive, Mariano Rajoy.<\/p>\n<p>Die Sitzung verl\u00e4ngern entlang den ganzen Morgen und ihre Berater k\u00f6nnen auch nutzen, um andere Themen zu erh\u00f6hen.<\/p>\n<p>&lt;!-Google_ad_section_end&#8211;><\/p>\n","protected":false},"excerpt":{"rendered":"<p>&lt;!-Google_ad_section_start&#8211;> MADRID, 13 (EUROPA PRESS) des Ministers f\u00fcr Gesundheit, soziale Dienste und Geschlechter, Ana Mato, hat gefordert, dass Samstag Morgen in Barcelona ein informelles Treffen mit den Direktoren der Gesundheit und der autonomen Gemeinschaften, auf die Entwicklung des Bundes durch die Gesundheit mit \u00c4rzten und Krankenschwestern unterzeichnet den letzten Juli. Die Sitzung, in der Palacio [&hellip;]<\/p>\n","protected":false},"author":1,"featured_media":0,"comment_status":"close","ping_status":"open","sticky":false,"template":"","format":"standard","meta":{"footnotes":""},"categories":[3],"tags":[49147,49148],"class_list":["post-41133","post","type-post","status-publish","format-standard","hentry","category-allgemeine","tag-informellen","tag-voranzutreiben","et-doesnt-have-format-content","et_post_format-et-post-format-standard"],"_links":{"self":[{"href":"https:\/\/www.best-dentist-dentistry.com\/de\/wp-json\/wp\/v2\/posts\/41133","targetHints":{"allow":["GET"]}}],"collection":[{"href":"https:\/\/www.best-dentist-dentistry.com\/de\/wp-json\/wp\/v2\/posts"}],"about":[{"href":"https:\/\/www.best-dentist-dentistry.com\/de\/wp-json\/wp\/v2\/types\/post"}],"author":[{"embeddable":true,"href":"https:\/\/www.best-dentist-dentistry.com\/de\/wp-json\/wp\/v2\/users\/1"}],"replies":[{"embeddable":true,"href":"https:\/\/www.best-dentist-dentistry.com\/de\/wp-json\/wp\/v2\/comments?post=41133"}],"version-history":[{"count":0,"href":"https:\/\/www.best-dentist-dentistry.com\/de\/wp-json\/wp\/v2\/posts\/41133\/revisions"}],"wp:attachment":[{"href":"https:\/\/www.best-dentist-dentistry.com\/de\/wp-json\/wp\/v2\/media?parent=41133"}],"wp:term":[{"taxonomy":"category","embeddable":true,"href":"https:\/\/www.best-dentist-dentistry.com\/de\/wp-json\/wp\/v2\/categories?post=41133"},{"taxonomy":"post_tag","embeddable":true,"href":"https:\/\/www.best-dentist-dentistry.com\/de\/wp-json\/wp\/v2\/tags?post=41133"}],"curies":[{"name":"wp","href":"https:\/\/api.w.org\/{rel}","templated":true}]}}