{"id":4117,"date":"2012-03-09T10:00:22","date_gmt":"2012-03-09T10:00:22","guid":{"rendered":null},"modified":"-0001-11-30T00:00:00","modified_gmt":"-0001-11-30T00:00:00","slug":"more-than-3000-hispanic-leaders-participated-in-community-summits-with-the-white-house","status":"publish","type":"post","link":"https:\/\/www.best-dentist-dentistry.com\/de\/more-than-3000-hispanic-leaders-participated-in-community-summits-with-the-white-house\/4117","title":{"rendered":"Mehr als 3.000 Spanier F\u00fchrer beteiligt Gemeinschaft Gipfeltreffen mit dem Wei\u00dfen Haus"},"content":{"rendered":"<p class=\"first\"> <span class=\"yshortcuts\" id=\"lw_1331247631_0\"> gotische<\/span> Raquel<\/p>\n<p><span class=\"yshortcuts\" id=\"lw_1331247631_1\"> Washington<\/span>, 8 M\u00e4r (<span class=\"yshortcuts\" id=\"lw_1331247631_2\"> EFE<\/span>).-<span class=\"yshortcuts\" id=\"lw_1331247631_3\"> der Gipfel<\/span> der <span class=\"yshortcuts\" id=\"lw_1331247631_4\"> Gemeinschaftsaktionen<\/span> gef\u00f6rdert durch das <span class=\"yshortcuts\" id=\"lw_1331247631_5\"> Wei\u00dfe Haus<\/span> wurden bereits die Teilnahme von mehr als 3.000 Spanier-F\u00fchrer und 70 hochrangige <span class=\"yshortcuts\" id=\"lw_1331247631_6\"> Beamte<\/span> die <span class=\"yshortcuts\" id=\"lw_1331247631_7\"> Impressionen<\/span> zur Verbesserung der Situation von <span class=\"yshortcuts\" id=\"lw_1331247631_8\"> Hispanics<\/span> in den Vereinigten Staaten geteilt haben.UU., offenbart einen Wei\u00dfe Haus heute vorgelegten Bericht.<\/p>\n<p>Ziel dieser Treffen ist zur L\u00f6sung von Problemen mit Hispanic Gemeinschaften und Aktien wissen mit der Verwaltung zu diskutieren mit etwa 500 f\u00f6derale Dienste, enth\u00e4lt des Berichts des Amtes der Beteiligung der \u00d6ffentlichkeit in das Wei\u00dfe Haus und die p\u00e4dagogische Exzellenzinitiative f\u00fcr Spanier ver\u00f6ffentlicht.<\/p>\n<p>&#8220;H\u00e4ngt die Zukunft unseres Landes von der Zukunft unserer Hispanic Gemeinschaften.&#8221; &#8220;Wir wissen, dass Hispanics die am schnellsten wachsende Gruppe in unserem Land sind, aber die Regierung die Verantwortung hat, was bedeutet dies f\u00fcr das Wachstum der Eidgen\u00f6ssischen Politik, zu verstehen&#8221;, sagte Jose Rico, Direktor der p\u00e4dagogischen Exzellenzinitiative f\u00fcr hispanische.<\/p>\n<p>Pressekonferenz, der hohe Beamte erkl\u00e4rte, dass die Sitzungen eine einmalige Gelegenheit bieten, ein wichtiges wachsenden Segment der US-Bev\u00f6lkerung h\u00f6ren.<\/p>\n<p>&#8220;Latinos haben einen gro\u00dfen Einfluss auf die Geschichte unseres Landes, in \u00f6ffentliche Bildung, die Arbeitskr\u00e4fte und die Wirtschaft, die ist, warum der Erfolg unserer Nation und den Erfolg dieser Gemeinschaft die gleiche Sache sind,&#8221; betonte Rico.<\/p>\n<p>Diese Gipfeltreffen konzentriert sind, erkl\u00e4rte der Direktor des Rates der internen Politik des Wei\u00dfen Hauses, Cecilia Mu\u00f1oz, um mehrere spezifische Bereiche zu analysieren, z. B. Bildung, Gesundheit, wirtschaftliche Entwicklung und Einwanderung, zu die Obama Verwaltung arbeiten auf die Eindr\u00fccke der hispanischen Gemeinschaft.<\/p>\n<p>Diskussionen wurden eingeleitet in den regionalen Gemeinschaft Aktion Gipfeltreffen statt \u00fcber das Land, wo die wei\u00dfen Haus Beamten mehrere Tage der &#8220;lange Gespr\u00e4che&#8221; \u00fcber die allt\u00e4glichen Probleme der Hispanic Gemeinschaften verbrachte, sagte Mu\u00f1oz.<\/p>\n<p>Laut dem Bericht, die Verpflichtung, die F\u00fchrer der hispanischen Gemeinschaft an den regionalen Sitzungen des vergangenen Jahres haben dazu beigetragen, Dutzende von neuen Partnerschaften etablieren, technischen Hilfe und Unterst\u00fctzung f\u00fcr kleine Unternehmen.<\/p>\n<p>&#8220;Wir auch muss die Arbeit hervorheben der Aufkl\u00e4rung von Arbeitgebern und Arbeitnehmern&#8221;, sie m\u00fcssen lernen, den Arbeitsplatz zu verwalten und sie m\u00fcssen Zugang zu medizinischer Versorgung zu verbessern, so der Bericht.<\/p>\n<p>Text auch betont, wie der Gipfel als Forum f\u00fcr die Einrichtungen der Verwaltung, neue Initiativen einzuf\u00fchren gedient haben.<\/p>\n<p>Das Wei\u00dfe Haus hatte mehr als ein Dutzend Spanier Gipfeln der Gemeinschaft in 14 St\u00e4dten in 8 Staaten seit dem letzten Sommer, und einige weitere sind geplant f\u00fcr die kommenden Monate.<\/p>\n<p>Julie Chavez, Associate Director des B\u00fcros der Beteiligung der \u00d6ffentlichkeit des Wei\u00dfen Hauses, erkl\u00e4rte, dass diese regionalen Gipfeltreffen eine politische Konferenz im Wei\u00dfen Haus, inspiriert wurden, in denen mehr als 160 Staats-und Regierungschefs der Spanier von 25 Staaten erf\u00fcllt mit mehr als hundert Offiziere der Obama Verwaltung mit dem President&rsquo;s Agenda befassen.<\/p>\n<p>&#8220;Reden, wie move besser und zur Verbesserung der Ergebnisse f\u00fcr Hispanic Gemeinschaften mit Bezug auf das gesamte Spektrum der politischen Fragen und Initiativen, die auf Bundesebene geregelt werden sollte&#8221; Chavez hinzugef\u00fcgt.<\/p>\n<p>Die bevorstehenden Gipfel der Gemeinschaft werden in San Antonio, Texas, Durham, North Carolina; Milwaukee, Wisconsin; und Los Angeles, Kalifornien. EFE<\/p>\n<p>der Direktor des Rates der internen Politik des Wei\u00dfen Hauses, Cecilia Mu\u00f1oz. EFE\/Datei<\/p>\n","protected":false},"excerpt":{"rendered":"<p>gotische Raquel Washington, 8 M\u00e4r ( EFE).- der Gipfel der Gemeinschaftsaktionen gef\u00f6rdert durch das Wei\u00dfe Haus wurden bereits die Teilnahme von mehr als 3.000 Spanier-F\u00fchrer und 70 hochrangige Beamte die Impressionen zur Verbesserung der Situation von Hispanics in den Vereinigten Staaten geteilt haben.UU., offenbart einen Wei\u00dfe Haus heute vorgelegten Bericht. Ziel dieser Treffen ist zur [&hellip;]<\/p>\n","protected":false},"author":1,"featured_media":0,"comment_status":"close","ping_status":"open","sticky":false,"template":"","format":"standard","meta":{"footnotes":""},"categories":[3],"tags":[12940,12938,12939],"class_list":["post-4117","post","type-post","status-publish","format-standard","hentry","category-allgemeine","tag-gipfeltreffen","tag-herzkrankheiten","tag-spanier-fhrer","et-doesnt-have-format-content","et_post_format-et-post-format-standard"],"_links":{"self":[{"href":"https:\/\/www.best-dentist-dentistry.com\/de\/wp-json\/wp\/v2\/posts\/4117","targetHints":{"allow":["GET"]}}],"collection":[{"href":"https:\/\/www.best-dentist-dentistry.com\/de\/wp-json\/wp\/v2\/posts"}],"about":[{"href":"https:\/\/www.best-dentist-dentistry.com\/de\/wp-json\/wp\/v2\/types\/post"}],"author":[{"embeddable":true,"href":"https:\/\/www.best-dentist-dentistry.com\/de\/wp-json\/wp\/v2\/users\/1"}],"replies":[{"embeddable":true,"href":"https:\/\/www.best-dentist-dentistry.com\/de\/wp-json\/wp\/v2\/comments?post=4117"}],"version-history":[{"count":0,"href":"https:\/\/www.best-dentist-dentistry.com\/de\/wp-json\/wp\/v2\/posts\/4117\/revisions"}],"wp:attachment":[{"href":"https:\/\/www.best-dentist-dentistry.com\/de\/wp-json\/wp\/v2\/media?parent=4117"}],"wp:term":[{"taxonomy":"category","embeddable":true,"href":"https:\/\/www.best-dentist-dentistry.com\/de\/wp-json\/wp\/v2\/categories?post=4117"},{"taxonomy":"post_tag","embeddable":true,"href":"https:\/\/www.best-dentist-dentistry.com\/de\/wp-json\/wp\/v2\/tags?post=4117"}],"curies":[{"name":"wp","href":"https:\/\/api.w.org\/{rel}","templated":true}]}}