{"id":41248,"date":"2014-09-10T05:22:46","date_gmt":"2014-09-10T05:22:46","guid":{"rendered":null},"modified":"-0001-11-30T00:00:00","modified_gmt":"-0001-11-30T00:00:00","slug":"spain-called-on-the-international-community-to-help-those-affected-by-ebola","status":"publish","type":"post","link":"https:\/\/www.best-dentist-dentistry.com\/de\/spain-called-on-the-international-community-to-help-those-affected-by-ebola\/41248","title":{"rendered":"spain called on the international community to help those affected by ebola"},"content":{"rendered":"<p>&lt;!-Google_ad_section_start&#8211;> <\/p>\n<p class=\"first\"> Br\u00fcssel, 15 Aug (EFE).-der spanische Minister f\u00fcr ausw\u00e4rtige Angelegenheiten, Jos\u00e9 Manuel Garc\u00eda-Margallo, fragt heute ihre EU-Kollegen, eine Anforderung an die internationale Gemeinschaft zu unterst\u00fctzen, dass die Unterst\u00fctzung f\u00fcr die betroffenen durch das Ebola-Virus, sobald die Krankheit das erste Todesopfer Europas in Spanien gef\u00fchrt hat.<\/p>\n<p>&#8220;Hei\u00dft Aufmerksamkeit zu einer Epidemie, die hat sehr ernste Konsequenzen und fordert die internationale Gemeinschaft zur Erf\u00fcllung seiner Sorgfaltspflicht und Unterst\u00fctzung der L\u00e4nder, wo die Epidemie erzeugt wird,&#8221; sagte Margallo, in Anspielung auf das Dokument eingef\u00fchrt von Spanien der au\u00dferordentlichen Sitzung der Minister der Europ\u00e4ischen Union (EU).<\/p>\n<p>Der Minister erkl\u00e4rte, dass die Anforderung bereits heute von den achtundzwanzig-Botschaftern, treffen im Ausschuss der st\u00e4ndigen Vertreter (AStV), behandelt worden und dann von europ\u00e4ischen Bildungsministern gesehen werden wird.<\/p>\n<p>Gemeinschaftsquellen voraus am Donnerstag dieser Woche, dass dieses Problem w\u00fcrde heute von achtundzwanzig auf Antrag von Spanien, behandelt werden, obwohl sie davor gewarnt, dass wir nicht lange sollte, um dies zu behandeln, denn es gibt viele Elemente auf der Tagesordnung des Treffens, die internationale Ukraine, Irak und Libyen, Gaza-Krise diskutieren werden.<\/p>\n<p>Spanien wurde das erste Land in Europa, die registriert hat ein Sterblicher durch Verbreitung von Ebola, die von der missionarischen Miguel Pajares am Dienstag nach Monrovia nach Madrid verlegt wurde haben August 7 letzter Fall und behandelten mit experimentellen Serum petemassiv, auch in den Vereinigten Staaten verwendet.<\/p>\n<p>Der EU beschlossen der Woche-Pass erweitern Sie 8 Millionen Euro im Mittel um die Verbreitung von dem Ausbruch von Ebola in den betroffenen L\u00e4ndern in Westafrika (Guinea Conakry, Liberia, Sierra Leone und Nigeria) enthalten, die l\u00f6st den Betrag f\u00fcr diesen Zweck seit M\u00e4rz 2014, es in Guinea auf 11,9 Millionen Euro begann vorgesehen sind.<\/p>\n<p>Der Gemeinschaft-Block auch angek\u00fcndigt, wird es im Bereich ein zweites &#8220;mobiles Europ\u00e4ischen Labors&#8221;, EMLab-Projekt bereitstellen, senden Sie einmal im M\u00e4rz bereits sieben Teams der Europ\u00e4ischen Spezialisten zusammen mit den ersten europ\u00e4ischen mobiles Labor f\u00fcr Gueckedou (Guinea) zu unterst\u00fctzen mit Diagnose, schnelle Analyse der Proben und Best\u00e4tigung F\u00e4lle.<\/p>\n<p>Br\u00fcssel gew\u00e4hrleistet, dass die Gefahr von Ebola in der EU ist &#8220;sehr niedrig&#8221; und die achtundzwanzig bereit sind, mit der Situation umzugehen, obwohl dies unwahrscheinlich, dass dieses Virus erstreckt sich auf dem Gebiet der Gemeinschaft gilt.<\/p>\n<p>Bis heute am meisten aufgezeichneten Ebola-Ausbruch hat verursachte den Tod von 1.069 Menschen aller infizierten 1975, nach den neuesten Daten von der Weltgesundheitsorganisation, die die Situation der internationalen \u00f6ffentlichen Gesundheit Notfall in Westafrika dieser Krankheit erkl\u00e4rt hat.<\/p>\n<p>&lt;!-Google_ad_section_end&#8211;><\/p>\n","protected":false},"excerpt":{"rendered":"<p>&lt;!-Google_ad_section_start&#8211;> Br\u00fcssel, 15 Aug (EFE).-der spanische Minister f\u00fcr ausw\u00e4rtige Angelegenheiten, Jos\u00e9 Manuel Garc\u00eda-Margallo, fragt heute ihre EU-Kollegen, eine Anforderung an die internationale Gemeinschaft zu unterst\u00fctzen, dass die Unterst\u00fctzung f\u00fcr die betroffenen durch das Ebola-Virus, sobald die Krankheit das erste Todesopfer Europas in Spanien gef\u00fchrt hat. &#8220;Hei\u00dft Aufmerksamkeit zu einer Epidemie, die hat sehr ernste Konsequenzen [&hellip;]<\/p>\n","protected":false},"author":1,"featured_media":0,"comment_status":"close","ping_status":"open","sticky":false,"template":"","format":"standard","meta":{"footnotes":""},"categories":[3],"tags":[49271],"class_list":["post-41248","post","type-post","status-publish","format-standard","hentry","category-allgemeine","tag-dar","et-doesnt-have-format-content","et_post_format-et-post-format-standard"],"_links":{"self":[{"href":"https:\/\/www.best-dentist-dentistry.com\/de\/wp-json\/wp\/v2\/posts\/41248","targetHints":{"allow":["GET"]}}],"collection":[{"href":"https:\/\/www.best-dentist-dentistry.com\/de\/wp-json\/wp\/v2\/posts"}],"about":[{"href":"https:\/\/www.best-dentist-dentistry.com\/de\/wp-json\/wp\/v2\/types\/post"}],"author":[{"embeddable":true,"href":"https:\/\/www.best-dentist-dentistry.com\/de\/wp-json\/wp\/v2\/users\/1"}],"replies":[{"embeddable":true,"href":"https:\/\/www.best-dentist-dentistry.com\/de\/wp-json\/wp\/v2\/comments?post=41248"}],"version-history":[{"count":0,"href":"https:\/\/www.best-dentist-dentistry.com\/de\/wp-json\/wp\/v2\/posts\/41248\/revisions"}],"wp:attachment":[{"href":"https:\/\/www.best-dentist-dentistry.com\/de\/wp-json\/wp\/v2\/media?parent=41248"}],"wp:term":[{"taxonomy":"category","embeddable":true,"href":"https:\/\/www.best-dentist-dentistry.com\/de\/wp-json\/wp\/v2\/categories?post=41248"},{"taxonomy":"post_tag","embeddable":true,"href":"https:\/\/www.best-dentist-dentistry.com\/de\/wp-json\/wp\/v2\/tags?post=41248"}],"curies":[{"name":"wp","href":"https:\/\/api.w.org\/{rel}","templated":true}]}}