{"id":41281,"date":"2014-09-13T02:57:37","date_gmt":"2014-09-13T02:57:37","guid":{"rendered":null},"modified":"-0001-11-30T00:00:00","modified_gmt":"-0001-11-30T00:00:00","slug":"peruvian-doctors-leave-for-salary-increase-and-announced-indefinite-strike","status":"publish","type":"post","link":"https:\/\/www.best-dentist-dentistry.com\/de\/peruvian-doctors-leave-for-salary-increase-and-announced-indefinite-strike\/41281","title":{"rendered":"Peruanische \u00c4rzte f\u00fcr Gehaltserh\u00f6hung zu verlassen und unbefristeten Streik angek\u00fcndigt"},"content":{"rendered":"<p class=\"first\"> Lima, 29 Aug (EFE).-Hunderte von peruanischen \u00c4rzte heute durch die Stra\u00dfen von Lima in Richtung der Kongress und die Pr\u00e4sidentschaft des EU-Ministerrat zu einem Anstieg bei den Geh\u00e4ltern und das Budget f\u00fcr seine Branche verlangen.<\/p>\n<p>\u00c4rzte geh\u00f6ren das Gesundheitsministerium (Minsa) schlossen sich zu dieser Mobilisierung in der Sozialversicherung (Essalud), die streiken f\u00fcr etwa drei Wochen bleiben.<\/p>\n<p>Minsa \u00c4rzte, gekleidet mit wei\u00dfen Sch\u00fcrzen und Plakate mit ihren Forderungen, angek\u00fcndigt, dass sie einen Streik von September 18 unbefristeten beginnt, wenn ihre Forderungen nicht angesprochen werden.<\/p>\n<p>Demonstranten haben gro\u00dfe Staus verursacht, auf dem Weg durch die Stra\u00dfen von Lima, wo gefordert &#8220;bessere Arbeitsbedingungen f\u00fcr bessere Patienten Versorgung&#8221;.<\/p>\n<p>In einer Erkl\u00e4rung die \u00c4rzten MOH erw\u00e4hnt sucht mit diesem umkehren die Zunahme ihres Haushalts entspricht 0,5 % des Bruttoinlandsprodukts (BIP) pro Jahr, statt 0,05 % erhalten derzeit.<\/p>\n<p>Sonstige Forderungen geh\u00f6ren die Ernennung von 4.500 beauftragten \u00c4rzte und, die ihre L\u00f6hne betragen 10.000 Sohlen (ca. $3.800), da sie derzeit im Bereich zwischen 800 und 2.800 Sohlen (ca. 300 bis 1.000 US-Dollar).<\/p>\n<p>The Ministers f\u00fcr Arbeit, Jos\u00e9 Villena, vergangenen Dienstag gesagt: im Moment gibt es kein Budget, die Geh\u00e4lter der Profis der Sektor Gesundheit zu erh\u00f6hen. EFE<\/p>\n<p>Dil\/Cav<\/p>\n","protected":false},"excerpt":{"rendered":"<p>Lima, 29 Aug (EFE).-Hunderte von peruanischen \u00c4rzte heute durch die Stra\u00dfen von Lima in Richtung der Kongress und die Pr\u00e4sidentschaft des EU-Ministerrat zu einem Anstieg bei den Geh\u00e4ltern und das Budget f\u00fcr seine Branche verlangen. \u00c4rzte geh\u00f6ren das Gesundheitsministerium (Minsa) schlossen sich zu dieser Mobilisierung in der Sozialversicherung (Essalud), die streiken f\u00fcr etwa drei Wochen [&hellip;]<\/p>\n","protected":false},"author":1,"featured_media":0,"comment_status":"close","ping_status":"open","sticky":false,"template":"","format":"standard","meta":{"footnotes":""},"categories":[3],"tags":[49297],"class_list":["post-41281","post","type-post","status-publish","format-standard","hentry","category-allgemeine","tag-bodens","et-doesnt-have-format-content","et_post_format-et-post-format-standard"],"_links":{"self":[{"href":"https:\/\/www.best-dentist-dentistry.com\/de\/wp-json\/wp\/v2\/posts\/41281","targetHints":{"allow":["GET"]}}],"collection":[{"href":"https:\/\/www.best-dentist-dentistry.com\/de\/wp-json\/wp\/v2\/posts"}],"about":[{"href":"https:\/\/www.best-dentist-dentistry.com\/de\/wp-json\/wp\/v2\/types\/post"}],"author":[{"embeddable":true,"href":"https:\/\/www.best-dentist-dentistry.com\/de\/wp-json\/wp\/v2\/users\/1"}],"replies":[{"embeddable":true,"href":"https:\/\/www.best-dentist-dentistry.com\/de\/wp-json\/wp\/v2\/comments?post=41281"}],"version-history":[{"count":0,"href":"https:\/\/www.best-dentist-dentistry.com\/de\/wp-json\/wp\/v2\/posts\/41281\/revisions"}],"wp:attachment":[{"href":"https:\/\/www.best-dentist-dentistry.com\/de\/wp-json\/wp\/v2\/media?parent=41281"}],"wp:term":[{"taxonomy":"category","embeddable":true,"href":"https:\/\/www.best-dentist-dentistry.com\/de\/wp-json\/wp\/v2\/categories?post=41281"},{"taxonomy":"post_tag","embeddable":true,"href":"https:\/\/www.best-dentist-dentistry.com\/de\/wp-json\/wp\/v2\/tags?post=41281"}],"curies":[{"name":"wp","href":"https:\/\/api.w.org\/{rel}","templated":true}]}}