{"id":41294,"date":"2014-09-13T02:58:17","date_gmt":"2014-09-13T02:58:17","guid":{"rendered":null},"modified":"-0001-11-30T00:00:00","modified_gmt":"-0001-11-30T00:00:00","slug":"the-canary-islands-government-says-that-it-will-not-help-anyone-who-needs-it","status":"publish","type":"post","link":"https:\/\/www.best-dentist-dentistry.com\/de\/the-canary-islands-government-says-that-it-will-not-help-anyone-who-needs-it\/41294","title":{"rendered":"Die Kanaren Regierung sagt, dass &#8220;es nicht wer es braucht hilft&#8221;"},"content":{"rendered":"<p class=\"first\"> Las Palmas de Gran Canaria, 30 Aug (EFE).-die Regierung der Kanarischen Inseln &#8220;wird auch respektvoll mit der Legalit\u00e4t&#8221; zu gelten die Neuregelung der Gesundheitsversorgung f\u00fcr irregul\u00e4re Migranten, aber &#8220;Sie werden nicht alle, die es brauchen&#8221;, wie heute stellvertretender Sprecher, Mart\u00edn Marrero.<\/p>\n<p>Die Kanarischen Inseln, die gestern trat ins Baskenland, Andalusien und Asturien in einer gemeinsamen Erkl\u00e4rung, die damit nicht einverstanden mit dem R\u00fcckzug der \u00f6ffentlichen Finanzierung Drogen ausgedr\u00fcckt und &#8220;Implementierung eines Systems der Qualit\u00e4tssicherung hat in Spanien, die au\u00dferhalb der \u00f6ffentlichen Gesundheitsversorgung f\u00fcr spanische B\u00fcrger liegen bereits \u00fcberschritten&#8221; und &#8220;Ausl\u00e4nder mit Wohnsitz in Spanien&#8221;.<\/p>\n<p>Am Ende der Wochenzeitung des regional executive Meeting, Marrero die kleine Informationen, die 48 Stunden ab dem Inkrafttreten der neuen Ma\u00dfnahmen (die n\u00e4chsten Samstag, 1. September) Autonomie \u00fcber den neuen Rechtsrahmen, abgesehen von den Erkl\u00e4rungen der Minister, Ana Mato haben zensiert hat.<\/p>\n<p>Der Kanarischen Inseln Regierungssprecher hat gesagt, dass im Moment nicht bewusst wie viele Menschen von der Neuregelung betroffen sein werden, aber hat betont, dass Health Care &#8220;ein Basic, grundlegende und universelle Recht auf sozialen Zusammenhalt ist&#8221;.<\/p>\n<p>Marrero hat daf\u00fcr gesorgt, dass auf den Kanarischen Inseln, \u00f6ffentliche Gesundheit &#8220;nicht treffen wer es brauchen&#8221;, nicht nur durch ein &#8220;Prinzip der Humanit\u00e4t&#8221;, sondern auch nach ethischen Kriterien die Mediziner unterliegen.<\/p>\n<p>&#8220;Die Regierung der Kanarischen Inseln wird nicht zulassen, wer keinen wirtschaftliche Ressourcen und umsorgt werden m\u00fcssen, erh\u00e4lt keine Aufmerksamkeit&#8221;, betonte der stellvertretende Minister, die hinzugef\u00fcgt, dass Sie die Rechtm\u00e4\u00dfigkeit, respektiert, &#8220;wie es nicht anders mit dem Grundsatz der institutionellen Verantwortung sein kann&#8221;.<\/p>\n<p>Der Kanarischen Executive glaubt, dass Gesundheit eine grundlegende und universelle Recht, nicht als eine rhetorische Aussage, sondern als grundlegenden Faktor des sozialen Zusammenhalts &#8220;, hervorgehoben.<\/p>\n<p>&#8220;Auch in Bezug auf die geltenden Rechtsvorschriften, was ja stellt sicher, dass die Kanarische Regierung, dass er nicht f\u00fcr jeden verlassen wird, braucht es und kann keine dieser Aufmerksamkeit,&#8221; bekr\u00e4ftigte.<\/p>\n<p>Mart\u00edn Marrero hat argumentiert, dass eine Ministerialverordnung die das K\u00f6nigliche Dekret \u00fcber die verschiedenen Aspekte wie z. B. zu entwickeln, was werden die Methode auf Adresse-Ausnahmen, die f\u00fcr die schwangeren Frauen bleibt bis unter Alter oder chronisch Kranke, die bereits \u00f6ffentliche Gesundheitsf\u00fcrsorge erhalten.<\/p>\n<p>. Der Sprecher des Vorstands wurde nicht notwendig zur Ausgabe von beliebiger Reihenfolge mit den \u00c4rzten mit der Position der Kanarischen Inseln als.<\/p>\n<p>&#8220;Wurde nicht angesprochen in der Council of Government&#8221;, behauptet er, &#8220;was ja wurde besteht darin, mit diesen Anforderungen Personen brauchen Pflege und haben keine M\u00f6glichkeit zu bezahlen nach dem Prinzip der Menschheit&#8221;.<\/p>\n<p>Auf der gleichen Linie, hat argumentiert, dass &#8220;eigene Ethik und Deontologie die von Angeh\u00f6rigen der Gesundheitsberufe die Bearbeitung einer Bestellung ist nicht notwendig, es ist eine einfache und grundlegende richtige Frage&#8221;.<\/p>\n<p>Nach Marrero, Kanarische Inseln wartet immer noch auf eine Ministerialverordnung die tritt die Details, die das K\u00f6nigliche Dekret herstellt.<\/p>\n<p>&#8220;Ich w\u00fcnschte, diese Anordnung bestimmt die Position der Regierung der Kanarischen Inseln!&#8221; &#8220;aber auf jeden Fall diejenigen, die medizinische Versorgung ben\u00f6tigen und nicht leisten, es k\u00f6nnen versichert sein, die sie weiterhin haben es in Gesundheitszentren der Kanarischen Inseln&#8221;, ist zur\u00fcckgekehrt, um darauf zu bestehen, bevor die Fragen der Journalisten.<\/p>\n<p>F\u00fcr die Sprecher der Regierung der Kanarischen Inseln, k\u00f6nigliches Dekret ist ziemlich generisch in Bezug auf die diente oder nicht, also m\u00fcssen wir &#8220;wissen, die entsprechenden Methoden zur Festlegung zu bestellen, besser Ausnahmen zu bestimmen und zu kl\u00e4ren, was es sein wird, in dem Fall zu tun, dass Gesundheitsversorgung gegeben werden, dann Check it&#8221;.<\/p>\n<p>Mart\u00edn Marrero sagte, da\u00df die Aussagen des Ministers nur wissen und Ana Mato Abrechnung auf den Herkunftsl\u00e4ndern dieser Menschen gesprochen, aber darauf hingewiesen, dass Nationen mit denen gibt es in dieser Hinsicht keine Vereinbarungen gibt.<\/p>\n","protected":false},"excerpt":{"rendered":"<p>Las Palmas de Gran Canaria, 30 Aug (EFE).-die Regierung der Kanarischen Inseln &#8220;wird auch respektvoll mit der Legalit\u00e4t&#8221; zu gelten die Neuregelung der Gesundheitsversorgung f\u00fcr irregul\u00e4re Migranten, aber &#8220;Sie werden nicht alle, die es brauchen&#8221;, wie heute stellvertretender Sprecher, Mart\u00edn Marrero. Die Kanarischen Inseln, die gestern trat ins Baskenland, Andalusien und Asturien in einer gemeinsamen [&hellip;]<\/p>\n","protected":false},"author":1,"featured_media":0,"comment_status":"close","ping_status":"open","sticky":false,"template":"","format":"standard","meta":{"footnotes":""},"categories":[3],"tags":[49304,49305],"class_list":["post-41294","post","type-post","status-publish","format-standard","hentry","category-allgemeine","tag-fnfundzwanzigsten","tag-kanaren-regierung","et-doesnt-have-format-content","et_post_format-et-post-format-standard"],"_links":{"self":[{"href":"https:\/\/www.best-dentist-dentistry.com\/de\/wp-json\/wp\/v2\/posts\/41294","targetHints":{"allow":["GET"]}}],"collection":[{"href":"https:\/\/www.best-dentist-dentistry.com\/de\/wp-json\/wp\/v2\/posts"}],"about":[{"href":"https:\/\/www.best-dentist-dentistry.com\/de\/wp-json\/wp\/v2\/types\/post"}],"author":[{"embeddable":true,"href":"https:\/\/www.best-dentist-dentistry.com\/de\/wp-json\/wp\/v2\/users\/1"}],"replies":[{"embeddable":true,"href":"https:\/\/www.best-dentist-dentistry.com\/de\/wp-json\/wp\/v2\/comments?post=41294"}],"version-history":[{"count":0,"href":"https:\/\/www.best-dentist-dentistry.com\/de\/wp-json\/wp\/v2\/posts\/41294\/revisions"}],"wp:attachment":[{"href":"https:\/\/www.best-dentist-dentistry.com\/de\/wp-json\/wp\/v2\/media?parent=41294"}],"wp:term":[{"taxonomy":"category","embeddable":true,"href":"https:\/\/www.best-dentist-dentistry.com\/de\/wp-json\/wp\/v2\/categories?post=41294"},{"taxonomy":"post_tag","embeddable":true,"href":"https:\/\/www.best-dentist-dentistry.com\/de\/wp-json\/wp\/v2\/tags?post=41294"}],"curies":[{"name":"wp","href":"https:\/\/api.w.org\/{rel}","templated":true}]}}