{"id":4132,"date":"2012-03-09T18:00:45","date_gmt":"2012-03-09T18:00:45","guid":{"rendered":null},"modified":"-0001-11-30T00:00:00","modified_gmt":"-0001-11-30T00:00:00","slug":"the-criteria-used-for-the-assessment-of-disability-do-not-reflect-the-intensity-of-the-symptoms-of-respiratory-patients","status":"publish","type":"post","link":"https:\/\/www.best-dentist-dentistry.com\/de\/the-criteria-used-for-the-assessment-of-disability-do-not-reflect-the-intensity-of-the-symptoms-of-respiratory-patients\/4132","title":{"rendered":"Die Kriterien f\u00fcr die Beurteilung der Behinderung spiegeln nicht die Intensit\u00e4t der Symptome der Atemwege Patienten."},"content":{"rendered":"<p><strong>Kriterien f\u00fcr die Beurteilung der Behinderung spiegeln nicht die Intensit\u00e4t der Symptome der Atemwege Patienten. <\/p>\n<p><\/strong><font size=\"2\"> <strong>SEPAR ver\u00f6ffentlicht eine Beurteilung der Behinderung in der Lunge Gesundheit mit dem Wunsch, einen Beitrag zur ihrer Aktualisierung und Verbesserung. <br \/><\/strong> <\/p>\n<p>-Atemwegserkrankungen wechselten sich Perioden der Normalit\u00e4t mit hohen funktionalen Verj\u00e4hrungsfristen <\/p>\n<p>-aktuelle Situation der Behinderung nicht abgedeckt angemessen die Schwierigkeiten bei Aktivit\u00e4ten des t\u00e4glichen Lebens von Patienten mit Atemwegserkrankungen <\/p>\n<p>-die meisten der Atemwege funktionellen Untersuchungen erfolgen in Ruhedie bietet einige nicht ganz echte Ergebnisse <\/p>\n<p>-brauchen eine Verbreitung zwischen \u00c4rzten und Spezialisten der gesetzlichen Kriterien f\u00fcr Behinderung und ihren Weg der Bewertung ihnen <\/p>\n<p> <strong>Spanien, M\u00e4rz 2012.-<\/strong> die spanische Gesellschaft f\u00fcr Pneumologie und Thoraxchirurgie (SEPAR) sagte am Dienstag in der interdisziplin\u00e4ren Tagung der Minderheit Erkrankungen der Atemwege, die in Lleida stattgefunden hateine Analyse des aktuellen Zustands der Messung der Behinderung in Atemwege Patienten. Die Kriterien zur Bestimmung die Behinderung eines Systems werden durch das Ministerium f\u00fcr Arbeit und soziale Angelegenheiten geregelt.  Dieser Bewertung im Falle von Erkrankungen der Atemwege ist besonders kompliziert, dass es chronische Prozesse h\u00e4ngen eng zusammen mit anderen Systemen und auch gelegentliche Ausbr\u00fcche, abwechselnde Perioden der Normalit\u00e4t mit gr\u00f6\u00dferen funktionalen Verj\u00e4hrungsfristen ist &#8221;, erl\u00e4utert der DRA. Makellose Alfageme, Unterzeichner des Dokuments bereits zug\u00e4nglich Online in der Zeitschrift Archive der Bronconeumolog\u00eda und Pr\u00e4sident des Ausschusses der Qualit\u00e4t Gesundheitsversorgung der SEPAR.  Hinzugef\u00fcgt, um eine faire Bewertung, ein weiteres Problem ist der Mangel an einen multidisziplin\u00e4ren Ansatz zu betrachten den Patienten als Ganzes, denn die Symptome bei Erkrankungen der Atemwege k\u00f6nnen Auswirkungen auf andere Systeme &#8221;, h\u00e4lt der DRA. Alfageme. <\/p>\n<p>Derzeit stellt die Reihenfolge, in das allgemeine Gesetz \u00fcber die soziale Sicherheit Situationen Thema Abdeckung, Vorteile und Anforderungen f\u00fcr den Zugriff auf \u00dcbersichten der Behinderung. Sagte System beurteilt die Lage der Behinderung aus zwei Perspektiven: neurologische Behinderungen und Trauma, Behinderung in unterschiedlichem Ausma\u00df sowohl mehrere Szenarien. Jedoch diese Perspektiven Rahmen diffundieren die Zuweisung von Behinderung auf M\u00e4ngel in der Atemwege zur\u00fcckzuf\u00fchren. <\/p>\n<p>  Im Gegensatz zu anderen pathologischer Prozesse der Atemwege Patient zeigt kein Bild der k\u00f6rperlichen Behinderung deutlich, f\u00fcr die Gesellschaft und die Rechtsvorschriften zum Thema Behinderung da die Skalen von Behinderung auf der Grundlage von k\u00f6rperlichen Einschr\u00e4nkungen entstanden. Die Behinderung kann nicht gesehen werden, wenn der Patient in Ruhe ist, aber warum nicht mehr l\u00e4hmenden &#8221;, erl\u00e4utert der DRA. Beatriz Lara, co-Koordinator des Jahres 2012 SEPAR Krankheiten Atemwege Minderheit, in denen die Begegnung von Lleida passt.  ich kann Solo tragen, ich kann laufen, kann ich mich waschen. Aber ich brauche eine Stunde, um die Kleidung zu bekommen, weil ich Asfixio, nimmt mich eine halbe Stunde im Pfad bis zu den Kiosk weil ich brauche zu stoppen mich \u00fcber 5 Mal, ich Ducho sitzen, weil ich ich Fatigo stehen, brauchen sie helfen mir mich Haare Trocknen, weil ich kaum Atem halten den Trockner kann oder ich kann nicht ins Kino gehen weil der Husten andere \u00e4rgert &#8221;Es erkl\u00e4rt M\u00aa Luz Vila, co-Koordinator des SEPAR 2012 und Pr\u00e4sident der Association des LAM (Lymphagioleiomyomatosis), als ein Beispiel daf\u00fcr, wie ein Patient eine chronische Neumol\u00f3gica Krankheit beeinflussen kann. <\/p>\n<p>Bestehende Behandlungen um solche Symptome, wie z. B. Sauerstoff oder inhalativen Medikamenten zu lindern, sind als orthop\u00e4dische Hilfsmittel und in den meisten F\u00e4llen nicht wahrgenommen, sind nicht in der gleichen Weise wie ein Gips oder eine Kr\u00fccke, wird ebenso wichtig popul\u00e4r. Alle B\u00fcrger haben das Recht auf umfassende und kostenlose medizinische Versorgung unabh\u00e4ngig von der Bedingung, die leiden. Seit dieses Recht auf medizinische Versorgung Gesundheitsressourcen f\u00fcr B\u00fcrger zug\u00e4nglich sein m\u00fcssen und dies beinhaltet auch den Zugang zu Techniken, Behandlungen oder Experten f\u00fcr sehr spezifische Prozesse. <\/p>\n<p>In Anbetracht der Tatsache, dass Atemwegserkrankungen machen anf\u00e4llig f\u00fcr die betroffenen zu Ungleichheiten durch die Schwierigkeit der Diagnose, die Komplexit\u00e4t der Untersuchungen und Behandlungen und die Tatsache, dass die chronische Erkrankung, es gibt einige allgemeinen Regeln f\u00fcr die Bewertung von solche M\u00e4ngel verursacht durch Krankheiten der Atemwege; und sie k\u00f6nnen mit Hilfe von objektiven Beweise quantifiziert werden. SEPAR befindet sich im Disp\u00f3sici\u00f3n f\u00fcr die Beratung von Gesundheitsbeh\u00f6rden, Betriebs\u00e4rzte und der P\u00e9ritos in klinische, funktionelle Kriterien und Erkundungen mit weiteren wissenschaftlichen Erkenntnissen und Zuverl\u00e4ssigkeit f\u00fcr die korrekte und genaue Beurteilung der chronischen Atemwegserkrankungen Patienten. <\/p>\n<p>Bei die Beurteilung der Patienten sind integriert nicht routinem\u00e4\u00dfig Lebensqualit\u00e4t Frageb\u00f6gen, w\u00e4hrend in den letzten Jahren diese Qualit\u00e4t Ma\u00dfnahmen bei Patienten mit Erkrankung der Atemwege, die Beweise auferlegt wurden, dass die Funktionsparameter nicht Isolation Kapazit\u00e4t zur Durchf\u00fchrung ihrer Arbeit oder ihrer t\u00e4glichen Arbeit widerspiegeln. Die meisten funktionalen Atemwege Exploration sind in Ruhe. <\/p>\n<p>Nach dieser Einsch\u00e4tzung der Lage schl\u00e4gt die Analyse auch einige Linien der Arbeit, die Verbesserung des bestehenden Szenarios und trennen diese Einsch\u00e4tzung f\u00fcr bestimmte Krankheiten. Verbreitung der gesetzlichen Kriterien f\u00fcr Behinderung und ihre Art, durch Initiativen wie Workshops oder Kurse, die Lehren zu funktionale Bewertungen Bewertung ist notwendig. Au\u00dferdem ist erforderlich, eine Reihe von Bestimmungen in interstitielle Erkrankungen geh\u00f6ren f\u00fcr den Grad der Krankheit, die Validierung der Cut-Off-Punkte f\u00fcr die Spirometrie mit anderer repr\u00e4sentativer globale Parameter und mehr Lebensqualit\u00e4t und Sterblichkeit repr\u00e4sentativ seindie Einbeziehung der radiologischen Parametern und bestimmende beste Parameter, die insbesondere die Verschlechterung eines Patienten f\u00fcr jede Krankheit reflektieren EPOC der allgemeinen Gruppe trennen. <\/p>\n<p>Der Wille des SEPAR ist aktualisieren, reagiert auf die Anforderung der Vereinigungen von Patienten mit Erkrankungen der Atemwege, die eine Revision der aktuellen Kriterien erfordern. <\/p>\n<p>  Getan haben, eine Analyse der aktuellen Situation, sowohl der geltenden Rechtsvorschriften in Fragen der Arbeitsunf\u00e4higkeit, und die Bestimmung der Grad und Prozentsatz der Behinderung sowie die bestehenden Kriterien f\u00fcr die Zuweisung von Behinderung auf M\u00e4ngel der Atemwege &#8221;, sagt Dr. Eusebi ChinerGeneralsekret\u00e4r des SEPAR. <\/p>\n<p><\/font><\/p>\n","protected":false},"excerpt":{"rendered":"<p>Kriterien f\u00fcr die Beurteilung der Behinderung spiegeln nicht die Intensit\u00e4t der Symptome der Atemwege Patienten. SEPAR ver\u00f6ffentlicht eine Beurteilung der Behinderung in der Lunge Gesundheit mit dem Wunsch, einen Beitrag zur ihrer Aktualisierung und Verbesserung. -Atemwegserkrankungen wechselten sich Perioden der Normalit\u00e4t mit hohen funktionalen Verj\u00e4hrungsfristen -aktuelle Situation der Behinderung nicht abgedeckt angemessen die Schwierigkeiten bei [&hellip;]<\/p>\n","protected":false},"author":1,"featured_media":0,"comment_status":"close","ping_status":"open","sticky":false,"template":"","format":"standard","meta":{"footnotes":""},"categories":[3],"tags":[12958,12960,12959,12961],"class_list":["post-4132","post","type-post","status-publish","format-standard","hentry","category-allgemeine","tag-berarbeitet","tag-beurteilung","tag-kriterien","tag-spiegeln","et-doesnt-have-format-content","et_post_format-et-post-format-standard"],"_links":{"self":[{"href":"https:\/\/www.best-dentist-dentistry.com\/de\/wp-json\/wp\/v2\/posts\/4132","targetHints":{"allow":["GET"]}}],"collection":[{"href":"https:\/\/www.best-dentist-dentistry.com\/de\/wp-json\/wp\/v2\/posts"}],"about":[{"href":"https:\/\/www.best-dentist-dentistry.com\/de\/wp-json\/wp\/v2\/types\/post"}],"author":[{"embeddable":true,"href":"https:\/\/www.best-dentist-dentistry.com\/de\/wp-json\/wp\/v2\/users\/1"}],"replies":[{"embeddable":true,"href":"https:\/\/www.best-dentist-dentistry.com\/de\/wp-json\/wp\/v2\/comments?post=4132"}],"version-history":[{"count":0,"href":"https:\/\/www.best-dentist-dentistry.com\/de\/wp-json\/wp\/v2\/posts\/4132\/revisions"}],"wp:attachment":[{"href":"https:\/\/www.best-dentist-dentistry.com\/de\/wp-json\/wp\/v2\/media?parent=4132"}],"wp:term":[{"taxonomy":"category","embeddable":true,"href":"https:\/\/www.best-dentist-dentistry.com\/de\/wp-json\/wp\/v2\/categories?post=4132"},{"taxonomy":"post_tag","embeddable":true,"href":"https:\/\/www.best-dentist-dentistry.com\/de\/wp-json\/wp\/v2\/tags?post=4132"}],"curies":[{"name":"wp","href":"https:\/\/api.w.org\/{rel}","templated":true}]}}