{"id":41373,"date":"2014-09-13T03:18:25","date_gmt":"2014-09-13T03:18:25","guid":{"rendered":null},"modified":"-0001-11-30T00:00:00","modified_gmt":"-0001-11-30T00:00:00","slug":"the-coalition-of-merkel-agrees-to-social-changes-to-polls","status":"publish","type":"post","link":"https:\/\/www.best-dentist-dentistry.com\/de\/the-coalition-of-merkel-agrees-to-social-changes-to-polls\/41373","title":{"rendered":"the coalition of merkel agrees to social changes to polls"},"content":{"rendered":"<p class=\"first\"> BERLIN (Reuters) &#8211; die Mitte-Rechts-Koalition von Bundeskanzlerin Angela Merkel am Montag einigten sich auf soziale Streitfragen, die voraussichtlich die Zahl der Stipendien im Hinblick auf die kommenden September Unterhauswahlen erh\u00f6hen.<\/p>\n<p>Nach fast acht Stunden Gespr\u00e4che, die den Grad der Uneinigkeit im Herzen der Regierungskoalition, unterstrichen durch drei Parteien gebildet, Merkel und andere F\u00fchrer vereinbart, verf\u00fcgen \u00fcber eine unpopul\u00e4re Gesundheitsversorgung und einzuf\u00fchren mehr Vorteile f\u00fcr die Mutterschaft, laut F\u00fchrer der Koalition.<\/p>\n<p>Der Minderheit-Koalitionspartner von Merkel, die Liberaldemokraten der FDP, die Unternehmen unterst\u00fctzen, sind besonders begierig darauf W\u00e4hler beeindrucken, wenn Meinungsumfragen zeigten sie w\u00fcrden nicht auf die 5-Prozent im Parlament n\u00e4chstes Jahr bleiben musste.<\/p>\n<p>Der FDP noch Steuern, einer der traditionellen Grunds\u00e4tze seiner Partei hinzunehmen hatte, sind nicht m\u00f6glich, in einer Zeit der Sparma\u00dfnahmen, dass Merkel f\u00fchrt die Bem\u00fchungen der Eurozone eine Krise der Staatsschulden zu \u00fcberwinden, die drei Jahre dauert.<\/p>\n<p>Hingegen hat die FDP die Abschaffung der Zahlung von 10 Euro pro Quartal f\u00fcr den Besuch beim Arzt, behauptet, dass sie die B\u00fcrokratie erh\u00f6ht haben, ohne die Wartezeit gedr\u00fcckt.<\/p>\n<p>Der Minister f\u00fcr Gesundheit, Daniel Bahr, FDP, wies die Vorw\u00fcrfe der Opposition Mitte-Links im Zusammenhang mit dem Versuch, W\u00e4hler vor Wahlen in Niedersachsen im Januar und September Bundesrepublik gewinnen vertreten.<\/p>\n<p>&#8220;Das tr\u00e4gt unsere B\u00fcrger. Es ist nicht wenn die Meinungsumfragen, besser oder schlechter jede Woche, aber die Entscheidung f\u00fcr Deutschland sind&#8221;, Bahr sagte das deutsche Radio.<\/p>\n<p>Koalition, geplagt durch Unstimmigkeiten, da es an die Macht, im Jahr 2009 kam soll der Haushalt bis 2014 durch ein robustes Wirtschaftswachstum, die mit dem Trend in der Eurozone, kollidierte hat geholfen, auch wenn davon ausgegangen wird, dass starke Steuereinnahmen n\u00e4chstes Jahr verschwinden wird.<\/p>\n<p>&#8220;Kuhhandel&#8221;<\/p>\n<p>Zum \u00e4ndern die FDP unterst\u00fctzt nur widerwillig die Betr\u00e4ge, die gezahlt werden Eltern, die ihre Kinder zu Hause, halten eine Politik f\u00fchrte von der christlich sozialen Union (CSU), bayerischen Schwesterpartei der Christdemokraten der CDU von Merkel Partei.<\/p>\n<p>Kritiker, darunter der FDP, der CDU und die Opposition sagen, die Frauen in den Wehen abwenden und l\u00e4sst Kinder von Zuwanderern aus Baumschulen wo Deutsch lernen und w\u00fcrde integriert werden.<\/p>\n<p>Die Sozialdemokraten Mitte-Links-SPD, die eine politische Haltung selbstbewusster stattgefunden haben, da sie den ehemaligen Finanzminister pro Steinbr\u00fcck als ihren Kandidaten f\u00fcr das Kanzleramt n\u00e4chstes Jahr w\u00e4hlten, haben zugesagt, diese Leistung f\u00fcr die Mutterschaft vor den Gerichten zu k\u00e4mpfen.<\/p>\n<p>Zahlungen beginnen im August, kurz vor der Bundestagswahl, zeitgleich mit dem Begriff die Regierung bieten Pl\u00e4tze in Kinderkrippen.<\/p>\n<p>Der Vorsitzender der SPD, Thomas Oppermann, verurteilte das Abkommen als einen politischen &#8220;Kuhhandel&#8221; und im Deutsche Radio sagte: &#8220;Steuerzahler finanzieren diese Wahlen Gabe&#8221;.<\/p>\n<p>Wirtschaftsminister Philipp Roesler, Vorsitzender der FDP, sagte, dass die Kosten des Abkommens durch die \u00fcbersch\u00fcssige, Krankenkasse finanziert wird, die \u00c4nderungen d.h. &#8220;direkt auf das Ziel eines Budgets ausgeglichen bis 2014 beitragen&#8221;.<\/p>\n<p>Thorsten Severin und Andreas Rinke \/di \/<\/p>\n","protected":false},"excerpt":{"rendered":"<p>BERLIN (Reuters) &#8211; die Mitte-Rechts-Koalition von Bundeskanzlerin Angela Merkel am Montag einigten sich auf soziale Streitfragen, die voraussichtlich die Zahl der Stipendien im Hinblick auf die kommenden September Unterhauswahlen erh\u00f6hen. Nach fast acht Stunden Gespr\u00e4che, die den Grad der Uneinigkeit im Herzen der Regierungskoalition, unterstrichen durch drei Parteien gebildet, Merkel und andere F\u00fchrer vereinbart, verf\u00fcgen [&hellip;]<\/p>\n","protected":false},"author":1,"featured_media":0,"comment_status":"close","ping_status":"open","sticky":false,"template":"","format":"standard","meta":{"footnotes":""},"categories":[3],"tags":[],"class_list":["post-41373","post","type-post","status-publish","format-standard","hentry","category-allgemeine","et-doesnt-have-format-content","et_post_format-et-post-format-standard"],"_links":{"self":[{"href":"https:\/\/www.best-dentist-dentistry.com\/de\/wp-json\/wp\/v2\/posts\/41373","targetHints":{"allow":["GET"]}}],"collection":[{"href":"https:\/\/www.best-dentist-dentistry.com\/de\/wp-json\/wp\/v2\/posts"}],"about":[{"href":"https:\/\/www.best-dentist-dentistry.com\/de\/wp-json\/wp\/v2\/types\/post"}],"author":[{"embeddable":true,"href":"https:\/\/www.best-dentist-dentistry.com\/de\/wp-json\/wp\/v2\/users\/1"}],"replies":[{"embeddable":true,"href":"https:\/\/www.best-dentist-dentistry.com\/de\/wp-json\/wp\/v2\/comments?post=41373"}],"version-history":[{"count":0,"href":"https:\/\/www.best-dentist-dentistry.com\/de\/wp-json\/wp\/v2\/posts\/41373\/revisions"}],"wp:attachment":[{"href":"https:\/\/www.best-dentist-dentistry.com\/de\/wp-json\/wp\/v2\/media?parent=41373"}],"wp:term":[{"taxonomy":"category","embeddable":true,"href":"https:\/\/www.best-dentist-dentistry.com\/de\/wp-json\/wp\/v2\/categories?post=41373"},{"taxonomy":"post_tag","embeddable":true,"href":"https:\/\/www.best-dentist-dentistry.com\/de\/wp-json\/wp\/v2\/tags?post=41373"}],"curies":[{"name":"wp","href":"https:\/\/api.w.org\/{rel}","templated":true}]}}