{"id":41425,"date":"2014-09-13T03:37:34","date_gmt":"2014-09-13T03:37:34","guid":{"rendered":null},"modified":"-0001-11-30T00:00:00","modified_gmt":"-0001-11-30T00:00:00","slug":"madrid-passes-law-to-privatize-part-of-the-health","status":"publish","type":"post","link":"https:\/\/www.best-dentist-dentistry.com\/de\/madrid-passes-law-to-privatize-part-of-the-health\/41425","title":{"rendered":"Madrid verabschiedet Gesetz um den Health privatisieren"},"content":{"rendered":"<p class=\"first\"> MADRID (Reuters) &#8211; Madrids Versammlung billigte Donnerstag das Gesetz erlaubt, um sechs Krankenh\u00e4user in der Region, eine Bewegung zu privatisieren, bei dem Widerstand von den Arbeitnehmern der \u00f6ffentlichen Gesundheit, einige davon f\u00fcnf Wochen streiken wurden aufgetreten.<\/p>\n<p>Die Mehrheit der Menschen Partei erlaubt die Verabschiedung des Gesetzes der begleitenden Haushalte, die unter anderem die T\u00fcr \u00f6ffnet zu lagern Gesundheitsmanagement von sechs Krankenh\u00e4usern und eine zehnprozentige von Gesundheitszentren, Ma\u00dfnahme, die mit denen die regionale Regierung erwartet, dass 200 Millionen Euro einzusparen.<\/p>\n<p>Zeitgleich mit der Verabschiedung des Gesetzes, der Standesvertretung der \u00c4rzte und Spezialisten in Madrid (AFEM) gab von gebrochenen Gespr\u00e4che mit dem Ministerium f\u00fcr Gesundheit auf andere Weise gegen die Einsparungen finden und verk\u00fcndete den R\u00fccktritt von \u00c4rzten in den Aussch\u00fcssen des Managements von Krankenh\u00e4usern, mit Ausnahme von Lehre und Tumoren.<\/p>\n<p>&#8220;Ist die Antwort auf den Mangel an Vertrauen, die das Gesundheitsministerium in Bezug auf unsere Professionalit\u00e4t (.) gezeigt hat Das Vertrauen gebrochen wurde, damit wir mit ihnen bei der Verwaltung der Gesundheit arbeiten k\u00f6nnen&#8221;, sagte Sprecherin AFEM, Fatima Bra\u00f1as, in Pressekonferenz in Madrid.<\/p>\n<p>Der Plan hat ausgel\u00f6st, Blasen zwischen Tausenden von B\u00fcrgern, die auf die Stra\u00dfe zu protestieren und die Mediziner beizutreten gekommen, viele von ihnen haben sich vor mehr als einem Monat schl\u00e4gt und Verschl\u00fcsse in Gesundheitszentren.<\/p>\n<p>Die R\u00fccktritte in der Krankenhaus-Aussch\u00fcsse stie\u00dfen die angek\u00fcndigte letzte Woche die K\u00f6pfe von 120 von 270 Gesundheitszentren in der Region zu versuchen, die Regierung von Ignacio Gonz\u00e1lez abzuschrecken.<\/p>\n<p>Der Madrid-Pr\u00e4sident, der in diesen Tagen auch Arbeiter der Metro und der Ente P\u00fablico Telemadrid doles lebt, heute wetterte gegen die \u00c4rzte und beschuldigte sie sch\u00e4digen die B\u00fcrger mit ihren Forderungen.<\/p>\n<p>&#8220;Ein Missbrauch des Streikrechts geschieht, es betrifft Patienten, H\u00e4ndler (&#8230;)&#8221; So viele Demonstrationen haben gravierende Auswirkungen auf die Wirtschaft und erfordert ein Spiegelbild der B\u00fcrger, &#8220;sagte Gonz\u00e1lez auf Pressekonferenz.<\/p>\n<p>Nach Gonz\u00e1lez, entstanden die verschiedenen Proteste gegen die K\u00fcrzungen, die in der Gemeinschaft in diesem Jahr vorgenommenen einen Verlust von gibt es 1,748 Millionen Euro, der auf 0,5 Prozent des Bruttoinlandsprodukts der Region gleichk\u00e4me.<\/p>\n<p>Madrid, wie den anderen autonomen Gemeinschaften muss ein Ziel von Trimmen das Defizit von 0,7 Prozent des Bruttoinlandsprodukts bis zum Jahr 2013 gegen 1,5 Prozent in diesem Jahr gerecht werden, innerhalb der gesamten vereinbarten Ziel von 4,5 Prozent von den Spaniern mit der Europ\u00e4ischen Kommission Regierung.<\/p>\n","protected":false},"excerpt":{"rendered":"<p>MADRID (Reuters) &#8211; Madrids Versammlung billigte Donnerstag das Gesetz erlaubt, um sechs Krankenh\u00e4user in der Region, eine Bewegung zu privatisieren, bei dem Widerstand von den Arbeitnehmern der \u00f6ffentlichen Gesundheit, einige davon f\u00fcnf Wochen streiken wurden aufgetreten. Die Mehrheit der Menschen Partei erlaubt die Verabschiedung des Gesetzes der begleitenden Haushalte, die unter anderem die T\u00fcr \u00f6ffnet [&hellip;]<\/p>\n","protected":false},"author":1,"featured_media":0,"comment_status":"close","ping_status":"open","sticky":false,"template":"","format":"standard","meta":{"footnotes":""},"categories":[3],"tags":[49415,49416],"class_list":["post-41425","post","type-post","status-publish","format-standard","hentry","category-allgemeine","tag-madrid-vollversammlung","tag-privatisieren","et-doesnt-have-format-content","et_post_format-et-post-format-standard"],"_links":{"self":[{"href":"https:\/\/www.best-dentist-dentistry.com\/de\/wp-json\/wp\/v2\/posts\/41425","targetHints":{"allow":["GET"]}}],"collection":[{"href":"https:\/\/www.best-dentist-dentistry.com\/de\/wp-json\/wp\/v2\/posts"}],"about":[{"href":"https:\/\/www.best-dentist-dentistry.com\/de\/wp-json\/wp\/v2\/types\/post"}],"author":[{"embeddable":true,"href":"https:\/\/www.best-dentist-dentistry.com\/de\/wp-json\/wp\/v2\/users\/1"}],"replies":[{"embeddable":true,"href":"https:\/\/www.best-dentist-dentistry.com\/de\/wp-json\/wp\/v2\/comments?post=41425"}],"version-history":[{"count":0,"href":"https:\/\/www.best-dentist-dentistry.com\/de\/wp-json\/wp\/v2\/posts\/41425\/revisions"}],"wp:attachment":[{"href":"https:\/\/www.best-dentist-dentistry.com\/de\/wp-json\/wp\/v2\/media?parent=41425"}],"wp:term":[{"taxonomy":"category","embeddable":true,"href":"https:\/\/www.best-dentist-dentistry.com\/de\/wp-json\/wp\/v2\/categories?post=41425"},{"taxonomy":"post_tag","embeddable":true,"href":"https:\/\/www.best-dentist-dentistry.com\/de\/wp-json\/wp\/v2\/tags?post=41425"}],"curies":[{"name":"wp","href":"https:\/\/api.w.org\/{rel}","templated":true}]}}