{"id":41428,"date":"2014-09-13T03:37:46","date_gmt":"2014-09-13T03:37:46","guid":{"rendered":null},"modified":"-0001-11-30T00:00:00","modified_gmt":"-0001-11-30T00:00:00","slug":"gomez-said-that-they-will-fight-the-plans-of-privatizing-health-on-the-streets-and-in-the-courts","status":"publish","type":"post","link":"https:\/\/www.best-dentist-dentistry.com\/de\/gomez-said-that-they-will-fight-the-plans-of-privatizing-health-on-the-streets-and-in-the-courts\/41428","title":{"rendered":"Gomez sagte, dass sie die Pl\u00e4ne der &#8220;Privatisierung&#8221; Gesundheit auf den Stra\u00dfen und in den Gerichten k\u00e4mpfen"},"content":{"rendered":"<p class=\"first\"> MADRID, 27 (EUROPA PRESS)<\/p>\n<p>Der Generalsekret\u00e4r von der Sozialistischen Partei von Madrid (PSM), Tom\u00e1s G\u00f3mez, sagte am Donnerstag dieser Woche k\u00e4mpfen, die Pl\u00e4ne der &#8220;Privatisierung&#8221; Gesundheit in der Gemeinschaft von Madrid auf der Stra\u00dfe mit Gesundheitsexperten und auch Gerichte.<\/p>\n<p>In Erkl\u00e4rungen f\u00fcr die Medien in der Madrid-Versammlung, nach der Verabschiedung des Gesetzes \u00fcber steuerliche Ma\u00dfnahmen f\u00fcr 2013, Aufstieg in das Gesundheitswesen Outsourcing die sozialistischen hat erkl\u00e4rt, dass sie arbeiten werden, um &#8220;verschwinden Pl\u00e4ne der Privatisierung der \u00f6ffentlichen Gesundheit&#8221; zu machen.<\/p>\n<p>In seinem anzuzeigen, die beliebte &#8220;nutzen Sie die Entschuldigung der Krise und die Macht der Mehrheit ein paar Gesch\u00e4ft zu machen&#8221;, aber es wird nicht nur &#8220;mit Gesundheitsexperten und Menschen auf der Stra\u00dfe,&#8221; aber wird sein &#8220;in den Gerichten&#8221;, und wenn sie an die Regierung kommen wiederherstellen &#8220;Privatisierungen&#8221;.<\/p>\n","protected":false},"excerpt":{"rendered":"<p>MADRID, 27 (EUROPA PRESS) Der Generalsekret\u00e4r von der Sozialistischen Partei von Madrid (PSM), Tom\u00e1s G\u00f3mez, sagte am Donnerstag dieser Woche k\u00e4mpfen, die Pl\u00e4ne der &#8220;Privatisierung&#8221; Gesundheit in der Gemeinschaft von Madrid auf der Stra\u00dfe mit Gesundheitsexperten und auch Gerichte. In Erkl\u00e4rungen f\u00fcr die Medien in der Madrid-Versammlung, nach der Verabschiedung des Gesetzes \u00fcber steuerliche Ma\u00dfnahmen [&hellip;]<\/p>\n","protected":false},"author":1,"featured_media":0,"comment_status":"close","ping_status":"open","sticky":false,"template":"","format":"standard","meta":{"footnotes":""},"categories":[3],"tags":[49418,49417],"class_list":["post-41428","post","type-post","status-publish","format-standard","hentry","category-allgemeine","tag-gerichten","tag-health-abbildung","et-doesnt-have-format-content","et_post_format-et-post-format-standard"],"_links":{"self":[{"href":"https:\/\/www.best-dentist-dentistry.com\/de\/wp-json\/wp\/v2\/posts\/41428","targetHints":{"allow":["GET"]}}],"collection":[{"href":"https:\/\/www.best-dentist-dentistry.com\/de\/wp-json\/wp\/v2\/posts"}],"about":[{"href":"https:\/\/www.best-dentist-dentistry.com\/de\/wp-json\/wp\/v2\/types\/post"}],"author":[{"embeddable":true,"href":"https:\/\/www.best-dentist-dentistry.com\/de\/wp-json\/wp\/v2\/users\/1"}],"replies":[{"embeddable":true,"href":"https:\/\/www.best-dentist-dentistry.com\/de\/wp-json\/wp\/v2\/comments?post=41428"}],"version-history":[{"count":0,"href":"https:\/\/www.best-dentist-dentistry.com\/de\/wp-json\/wp\/v2\/posts\/41428\/revisions"}],"wp:attachment":[{"href":"https:\/\/www.best-dentist-dentistry.com\/de\/wp-json\/wp\/v2\/media?parent=41428"}],"wp:term":[{"taxonomy":"category","embeddable":true,"href":"https:\/\/www.best-dentist-dentistry.com\/de\/wp-json\/wp\/v2\/categories?post=41428"},{"taxonomy":"post_tag","embeddable":true,"href":"https:\/\/www.best-dentist-dentistry.com\/de\/wp-json\/wp\/v2\/tags?post=41428"}],"curies":[{"name":"wp","href":"https:\/\/api.w.org\/{rel}","templated":true}]}}