{"id":41510,"date":"2014-09-13T04:27:07","date_gmt":"2014-09-13T04:27:07","guid":{"rendered":null},"modified":"-0001-11-30T00:00:00","modified_gmt":"-0001-11-30T00:00:00","slug":"basque-government-uses-the-individual-health-card-from-the-central-government-because-it-does-not-allow-to-be-bilingual","status":"publish","type":"post","link":"https:\/\/www.best-dentist-dentistry.com\/de\/basque-government-uses-the-individual-health-card-from-the-central-government-because-it-does-not-allow-to-be-bilingual\/41510","title":{"rendered":"basque government uses the individual health card from the central government because it does not allow to be bilingual"},"content":{"rendered":"<p>&lt;!-Google_ad_section_start&#8211;> <\/p>\n<p class=\"first\"> davor gewarnt, dass wenn die Zentralregierung ihre Vorschriften nicht entfernt wird es eine strittige administrative Beschwerde eingelegt<\/p>\n<p>, <\/p>\n<p>VITORIA, 19 (EUROPA PRESS)<\/p>\n<p>der baskischen Regierung vereinbart Dienstag R\u00fcckgriff der Gesundheit des einzelnen-Karte die plant, die Zentralregierung zu pr\u00fcfen, implementieren, dass seine Verordnung &#8220;, das verhindert, die organisatorischen Bed\u00fcrfnisse der autonomen Gemeinschaften&#8221;, die hervorgehoben der Pflicht zur Benutzung von zweisprachig gedruckt von Beh\u00f6rden, das baskische Gesetz der Normalisierung der Verwendung nach Ma\u00dfgabe der Baske.<\/p>\n<p>Der Verwaltungsrat hat die Einreichung der Anfrage an die Regierung \u00fcber die k\u00f6niglichen Dekret 702\/2013, 30 September, \u00c4nderung der k\u00f6niglichen Dekret 183\/2004, 30 Januar, die die Gesundheit des einzelne regelt autorisiert Card<\/p>\n<p>Wie oben beschrieben, \u00e4ndert dieser k\u00f6niglichen Erlass der Verordnung der Daten in die einzelnen Gesundheitskarte aufgenommen werden, sowie die technischen Merkmale der gleichen &#8220;entgegensteht, die Entwicklung der operativen und organisatorischen Bed\u00fcrfnisse&#8221; durch die Gesundheitsverwaltung der Autonomen Gemeinschaft Baskenland, zust\u00e4ndig f\u00fcr die Ausstellung von der Gesundheit des einzelnen Card<\/p>\n<p>In diesem Sinne hei\u00dft, z. B. die Zentralregierung &#8220;ignoriert&#8221; Artikel 13 des Gesetzes 10\/1982 vom 24. November Basic f\u00fcr die Standardisierung der Verwendung der baskischen Sprache, der das herstellt &#8220;gedruckte oder offizielle Modelle, die von den Beh\u00f6rden in der Autonomen Gemeinschaft Baskenland verwendet werden m\u00fcssen geschrieben werden in zweisprachigen Form&#8221;.<\/p>\n<p>Der baskischen Regierung hat nach Auffassung der Zentralregierung &#8220;seine Kompetenz in Gesundheit \u00fcberschreitet&#8221; mit &#8220;exorbitant&#8221; Bereitstellung in was bezieht sich auf die Verteilung der Zust\u00e4ndigkeiten zwischen dem Staat und den autonomen Gemeinschaften.<\/p>\n<p>Schlie\u00dflich hat davor gewarnt, dass diese Anforderung ist nicht geehrt oder wird abgelehnt, die baskische Regierung umstritten-administrative gegen zitierten k\u00f6niglichen Dekret 702\/2013, 30.9. eingelegt.<\/p>\n<p>&lt;!-Google_ad_section_end&#8211;><\/p>\n","protected":false},"excerpt":{"rendered":"<p>&lt;!-Google_ad_section_start&#8211;> davor gewarnt, dass wenn die Zentralregierung ihre Vorschriften nicht entfernt wird es eine strittige administrative Beschwerde eingelegt , VITORIA, 19 (EUROPA PRESS) der baskischen Regierung vereinbart Dienstag R\u00fcckgriff der Gesundheit des einzelnen-Karte die plant, die Zentralregierung zu pr\u00fcfen, implementieren, dass seine Verordnung &#8220;, das verhindert, die organisatorischen Bed\u00fcrfnisse der autonomen Gemeinschaften&#8221;, die hervorgehoben der [&hellip;]<\/p>\n","protected":false},"author":1,"featured_media":0,"comment_status":"close","ping_status":"open","sticky":false,"template":"","format":"standard","meta":{"footnotes":""},"categories":[3],"tags":[],"class_list":["post-41510","post","type-post","status-publish","format-standard","hentry","category-allgemeine","et-doesnt-have-format-content","et_post_format-et-post-format-standard"],"_links":{"self":[{"href":"https:\/\/www.best-dentist-dentistry.com\/de\/wp-json\/wp\/v2\/posts\/41510","targetHints":{"allow":["GET"]}}],"collection":[{"href":"https:\/\/www.best-dentist-dentistry.com\/de\/wp-json\/wp\/v2\/posts"}],"about":[{"href":"https:\/\/www.best-dentist-dentistry.com\/de\/wp-json\/wp\/v2\/types\/post"}],"author":[{"embeddable":true,"href":"https:\/\/www.best-dentist-dentistry.com\/de\/wp-json\/wp\/v2\/users\/1"}],"replies":[{"embeddable":true,"href":"https:\/\/www.best-dentist-dentistry.com\/de\/wp-json\/wp\/v2\/comments?post=41510"}],"version-history":[{"count":0,"href":"https:\/\/www.best-dentist-dentistry.com\/de\/wp-json\/wp\/v2\/posts\/41510\/revisions"}],"wp:attachment":[{"href":"https:\/\/www.best-dentist-dentistry.com\/de\/wp-json\/wp\/v2\/media?parent=41510"}],"wp:term":[{"taxonomy":"category","embeddable":true,"href":"https:\/\/www.best-dentist-dentistry.com\/de\/wp-json\/wp\/v2\/categories?post=41510"},{"taxonomy":"post_tag","embeddable":true,"href":"https:\/\/www.best-dentist-dentistry.com\/de\/wp-json\/wp\/v2\/tags?post=41510"}],"curies":[{"name":"wp","href":"https:\/\/api.w.org\/{rel}","templated":true}]}}