{"id":41535,"date":"2014-09-13T04:37:05","date_gmt":"2014-09-13T04:37:05","guid":{"rendered":null},"modified":"-0001-11-30T00:00:00","modified_gmt":"-0001-11-30T00:00:00","slug":"Iniciativa-Galega-Pola-Gratuidade-da-Sanidade-bereitet-neue-Mobilisierungen","status":"publish","type":"post","link":"https:\/\/www.best-dentist-dentistry.com\/de\/Iniciativa-Galega-Pola-Gratuidade-da-Sanidade-bereitet-neue-Mobilisierungen\/41535","title":{"rendered":"Iniciativa Galega Pola Gratuidade da Sanidade bereitet neue Mobilisierungen"},"content":{"rendered":"<p>&lt;!-Google_ad_section_start&#8211;> <\/p>\n<p class=\"first\"> LUGO, 14 (EUROPA PRESS)<\/p>\n<p>die Initiative Galega Pola Gratuidade da Sanidade bereitet neue Mobilisierungen gegen die Co Drogen Krankenhaus gew\u00e4hrt, die in Galicien soll in \u00dcbereinstimmung mit staatliche Regelungen, angewendet werden, obwohl es noch nicht in Kraft getreten ist.<\/p>\n<p>Die geworden Bannertr\u00e4ger dieser Rebellion, der B\u00fcrgermeister von Riotorto, die nationalistische Federico Guti\u00e9rrez, den Minister f\u00fcr Gesundheit, Roc\u00edo Mosquera, OECD-Kriterien von &#8220;Homogenisierung&#8221; um diese neue Co-Zahlung zu rechtfertigen das Mi\u00dftrauen auszusprechen, aber auch best\u00e4tigt, dass es keine relevanten Fundraising darstellen wird.<\/p>\n<p>&#8220;diesem gleichen ist antwortete er uns in einer Besprechung. Wir machen nicht diese Erkl\u00e4rungen erscheinen uns akzeptabel &#8220;, hat wimmelte, die nationalistische B\u00fcrgermeister, der kam um mehr als 150 Gruppen gegen diese Ma\u00dfnahme versammeln.<\/p>\n<p>Federico Guti\u00e9rrez ist davon \u00fcberzeugt, dass Co die Zahlung &#8220;ist streng ideologischen Kriterien, entfernt mit universal und freie Gesundheit&#8221;, interpretiert.<\/p>\n<p>Hat auch nur Aragon und Galicien eingelegt haben vermutet, dass sie sich diese Copay beziehen und hat davor gewarnt, dass wenn die Regionalregierung nicht getan hat, es ist &#8220;nicht um die erste&#8221;. &#8220;Erwartete, Aragon, den Schritt, es anzuwenden&#8221;, hat er folgerte.<\/p>\n<p>Treffen am Donnerstag<\/p>\n<p>Der B\u00fcrgermeister von Riotorto nutzten die Gelegenheit zu verk\u00fcnden, dass die Plattform am kommenden Donnerstag sich in Santiago treffen wird &#8220;entscheiden, welche Mobilisierungen zu dieser Anwendung einberufen werden, die drohende erscheint&#8221;.<\/p>\n<p>Guti\u00e9rrez hat betont, dass den popul\u00e4ren Reihen gibt es Antwort, die in den autonomen Gemeinschaften und sogar in das gleiche Spiel beobachtet worden ist.<\/p>\n<p>Auch bezeichnet die Entscheidung des Ministers f\u00fcr Gesundheit, Ana Mato, andere Zuzahlungen aufgrund des Berichts des Staatsrates, unter dem Vorsitz von Romay Beccar\u00eda, &#8220;N\u00fa\u00f1ez Feij\u00f3o Garde&#8221; l\u00e4hmen. &#8220;jedes Mal ist, dass Widerstand gegen die Copay auch in der popul\u00e4ren Partei&#8221;, es wurde zensiert.<\/p>\n<p>&lt;!-Google_ad_section_end&#8211;><\/p>\n","protected":false},"excerpt":{"rendered":"<p>&lt;!-Google_ad_section_start&#8211;> LUGO, 14 (EUROPA PRESS) die Initiative Galega Pola Gratuidade da Sanidade bereitet neue Mobilisierungen gegen die Co Drogen Krankenhaus gew\u00e4hrt, die in Galicien soll in \u00dcbereinstimmung mit staatliche Regelungen, angewendet werden, obwohl es noch nicht in Kraft getreten ist. Die geworden Bannertr\u00e4ger dieser Rebellion, der B\u00fcrgermeister von Riotorto, die nationalistische Federico Guti\u00e9rrez, den Minister [&hellip;]<\/p>\n","protected":false},"author":1,"featured_media":0,"comment_status":"close","ping_status":"open","sticky":false,"template":"","format":"standard","meta":{"footnotes":""},"categories":[3],"tags":[49531,49529,49530],"class_list":["post-41535","post","type-post","status-publish","format-standard","hentry","category-allgemeine","tag-gratuidade","tag-iniciativa","tag-pola","et-doesnt-have-format-content","et_post_format-et-post-format-standard"],"_links":{"self":[{"href":"https:\/\/www.best-dentist-dentistry.com\/de\/wp-json\/wp\/v2\/posts\/41535","targetHints":{"allow":["GET"]}}],"collection":[{"href":"https:\/\/www.best-dentist-dentistry.com\/de\/wp-json\/wp\/v2\/posts"}],"about":[{"href":"https:\/\/www.best-dentist-dentistry.com\/de\/wp-json\/wp\/v2\/types\/post"}],"author":[{"embeddable":true,"href":"https:\/\/www.best-dentist-dentistry.com\/de\/wp-json\/wp\/v2\/users\/1"}],"replies":[{"embeddable":true,"href":"https:\/\/www.best-dentist-dentistry.com\/de\/wp-json\/wp\/v2\/comments?post=41535"}],"version-history":[{"count":0,"href":"https:\/\/www.best-dentist-dentistry.com\/de\/wp-json\/wp\/v2\/posts\/41535\/revisions"}],"wp:attachment":[{"href":"https:\/\/www.best-dentist-dentistry.com\/de\/wp-json\/wp\/v2\/media?parent=41535"}],"wp:term":[{"taxonomy":"category","embeddable":true,"href":"https:\/\/www.best-dentist-dentistry.com\/de\/wp-json\/wp\/v2\/categories?post=41535"},{"taxonomy":"post_tag","embeddable":true,"href":"https:\/\/www.best-dentist-dentistry.com\/de\/wp-json\/wp\/v2\/tags?post=41535"}],"curies":[{"name":"wp","href":"https:\/\/api.w.org\/{rel}","templated":true}]}}