{"id":41577,"date":"2014-09-13T05:17:07","date_gmt":"2014-09-13T05:17:07","guid":{"rendered":null},"modified":"-0001-11-30T00:00:00","modified_gmt":"-0001-11-30T00:00:00","slug":"extremadura-the-president-of-the-extremadura-parliament-gets-wet-by-the-ela-and-reta-actor-santi-senso-and-the-magician-jorge-luengo","status":"publish","type":"post","link":"https:\/\/www.best-dentist-dentistry.com\/de\/extremadura-the-president-of-the-extremadura-parliament-gets-wet-by-the-ela-and-reta-actor-santi-senso-and-the-magician-jorge-luengo\/41577","title":{"rendered":"extremadura the president of the extremadura parliament gets wet by the ela and reta actor santi senso and the magician jorge luengo"},"content":{"rendered":"<p>&lt;!-Google_ad_section_start&#8211;> <\/p>\n<p class=\"first\"> MERIDA, 29 (EUROPA PRESS)<\/p>\n<p>der Pr\u00e4sidenten des Parlaments von Extremadura, Fernando Manzano, hat sich der Herausforderung des Eimers Wasser Frost von den Patienten der amyotrophen Lateralsklerose (ALS).<\/p>\n<p>Tut es nach der Annahme der Herausforderung, die ihn von der kommunalen Sprecher des Ayuntamiento de M\u00e9rida, Fernando Molina, ins Leben gerufen hat und nach einem pers\u00f6nlichen finanziellen Beitrag. Mit dieser Geste, es hat hervorgehoben, &#8220;Unterst\u00fctzung&#8221; f\u00fcr diejenigen zu zeigen, die leiden, die Krankheit und ihre Familien will.<\/p>\n<p>F\u00fcr seinen Teil, hat der Pr\u00e4sident der Kammer Extremadura Extremadura Schauspieler Santi Senso, Luengo Jorge Caceres-Assistenten und dem Pr\u00e4sidenten des Parlaments von Galicien und der Konferenz der Landtagen nominiert Europa (Calre), Pilar Rojo, regionale, so dass sie auch von der ELA nass erhalten.<\/p>\n<p>&lt;!-Google_ad_section_end&#8211;><\/p>\n","protected":false},"excerpt":{"rendered":"<p>&lt;!-Google_ad_section_start&#8211;> MERIDA, 29 (EUROPA PRESS) der Pr\u00e4sidenten des Parlaments von Extremadura, Fernando Manzano, hat sich der Herausforderung des Eimers Wasser Frost von den Patienten der amyotrophen Lateralsklerose (ALS). Tut es nach der Annahme der Herausforderung, die ihn von der kommunalen Sprecher des Ayuntamiento de M\u00e9rida, Fernando Molina, ins Leben gerufen hat und nach einem pers\u00f6nlichen [&hellip;]<\/p>\n","protected":false},"author":1,"featured_media":0,"comment_status":"close","ping_status":"open","sticky":false,"template":"","format":"standard","meta":{"footnotes":""},"categories":[3],"tags":[],"class_list":["post-41577","post","type-post","status-publish","format-standard","hentry","category-allgemeine","et-doesnt-have-format-content","et_post_format-et-post-format-standard"],"_links":{"self":[{"href":"https:\/\/www.best-dentist-dentistry.com\/de\/wp-json\/wp\/v2\/posts\/41577","targetHints":{"allow":["GET"]}}],"collection":[{"href":"https:\/\/www.best-dentist-dentistry.com\/de\/wp-json\/wp\/v2\/posts"}],"about":[{"href":"https:\/\/www.best-dentist-dentistry.com\/de\/wp-json\/wp\/v2\/types\/post"}],"author":[{"embeddable":true,"href":"https:\/\/www.best-dentist-dentistry.com\/de\/wp-json\/wp\/v2\/users\/1"}],"replies":[{"embeddable":true,"href":"https:\/\/www.best-dentist-dentistry.com\/de\/wp-json\/wp\/v2\/comments?post=41577"}],"version-history":[{"count":0,"href":"https:\/\/www.best-dentist-dentistry.com\/de\/wp-json\/wp\/v2\/posts\/41577\/revisions"}],"wp:attachment":[{"href":"https:\/\/www.best-dentist-dentistry.com\/de\/wp-json\/wp\/v2\/media?parent=41577"}],"wp:term":[{"taxonomy":"category","embeddable":true,"href":"https:\/\/www.best-dentist-dentistry.com\/de\/wp-json\/wp\/v2\/categories?post=41577"},{"taxonomy":"post_tag","embeddable":true,"href":"https:\/\/www.best-dentist-dentistry.com\/de\/wp-json\/wp\/v2\/tags?post=41577"}],"curies":[{"name":"wp","href":"https:\/\/api.w.org\/{rel}","templated":true}]}}