{"id":41605,"date":"2014-09-13T05:19:48","date_gmt":"2014-09-13T05:19:48","guid":{"rendered":null},"modified":"-0001-11-30T00:00:00","modified_gmt":"-0001-11-30T00:00:00","slug":"madrid-relieved-three-responsible-for-hospital-de-fuenlabrada-for-data","status":"publish","type":"post","link":"https:\/\/www.best-dentist-dentistry.com\/de\/madrid-relieved-three-responsible-for-hospital-de-fuenlabrada-for-data\/41605","title":{"rendered":"Madrid entlastet drei verantwortlich f\u00fcr Hospital de Fuenlabrada f\u00fcr Daten"},"content":{"rendered":"<p>&lt;!-Google_ad_section_start&#8211;> <\/p>\n<p class=\"first\"> Madrid, 9 Sep (EFE).-der Gesundheitsminister der Gemeinschaft von Madrid, Javier Rodr\u00edguez, ist heute vorangeschritten, dass sie angenommen hat, der R\u00fccktritt des Managers von den Hospital de Fuenlabrada &#8220;angeblich&#8221; administrative Unregelm\u00e4\u00dfigkeiten bei der \u00dcbertragung von Daten von Patienten zu Privatkliniken sowie die Einstellung der beiden anderen Beschuldigungen aus dem Center.<\/p>\n<p>Dieser Entscheidung ist das Ergebnis der Untersuchung August letzten Jahres aufgrund dieser Tatsachen, die Kliniken Los Madro\u00f1os und Maestranza, beeinflussen, erkl\u00e4rt der Berater nach dem Absenden einer Anwendung, die Anforderung des Angebots von mobilen Ger\u00e4ten erlaubt.<\/p>\n<p>Neben der Annahme des R\u00fccktritts des Managers, Gesundheit nicht mehr der \u00e4rztliche Direktor des Zentrums, ausgesetzt den Kopf f\u00fcr die Zulassung und \u00f6ffnet eine Datei f\u00fcr alle Personen, die beteiligt sind, m\u00f6glicherweise hinzugef\u00fcgt Rodr\u00edguez.<\/p>\n<p>Am 13 August, im Gesundheitsministerium k\u00fcndigte die Er\u00f6ffnung einer Untersuchung, den m\u00f6glichen \u00dcbertragung von Daten in die Klinik Los Madro\u00f1os Brunete zu kl\u00e4ren und nicht die Beendigung des Managers von den Hospital de Fuenlabrada ausschlie\u00dfen.<\/p>\n<p>Insbesondere Gesundheit dargelegt, um dann zu untersuchen, ob Kliniken direkt an die Patienten das Krankenhaus de Fuenlabrada medizinische Aktionen Anf\u00fchrungen wurden abgeleitet von dieser Mitte.<\/p>\n<p>Einen Tag sp\u00e4ter die PSM k\u00fcndigte an, es in den H\u00e4nden der Staatsanwaltschaft und der Agentur, der Schutz der Daten das &#8220;angeblich Verbrechen&#8221; die zur &#8220;F\u00f6rderung des privaten&#8221; gesucht und anschlie\u00dfend UPyD den Fall an der provinziellen Staatsanwaltschaft in Madrid und der spanischen Agentur f\u00fcr Datenschutz gemeldet.<\/p>\n<p>Rodr\u00edguez hat erkl\u00e4rt, nach Abschluss der Untersuchung, dass diese sogenannten administrative Unregelm\u00e4\u00dfigkeiten sind &#8220;Ernst&#8221; und \u00e4u\u00dferte seine Freude dar\u00fcber, dass Medien &#8220;sie ans Licht gebracht haben&#8221;.<\/p>\n<p>Explained, dass die Maestranza-Klinik gehandelt in \u00dcbereinstimmung mit den etablierten seit M\u00e4rz bis September 2013, und dass seit dann, ohne zu wissen warum, Politiker beschlossen, dass die Klinik au\u00dferhalb dessen warnen Patienten, die &#8220;eine administrative Unregelm\u00e4\u00dfigkeit, die nicht zul\u00e4ssig sind&#8221;.<\/p>\n<p>&#8220;Es muss das Krankenhaus sein Aufruf&#8221;, hat eine Apostille f\u00fcr Gesundheit verantwortlich.<\/p>\n<p>Bei der Klinik Los Madro\u00f1os, da der Beginn der Zusammenarbeit mit dieser Klinik im Februar 2014 bereits beschlossen, dass au\u00dferhalb der Klinik &#8220;die nennen&#8221;, erkl\u00e4rte der Gesundheitsminister, der erkl\u00e4rte, dass dieses System nicht in der Vereinbarung f\u00e4llt oder unterzeichnet Rahmen Klinik.<\/p>\n<p>Rodr\u00edguez hat darauf hingewiesen, dass die Verz\u00f6gerung in der Entwicklung der Inspektion, die gestern endete, durch war, dass im August brachte, hatte nicht in Madrid.<\/p>\n<p>Berater hat Verantwortung f\u00fcr was sowie &#8220;einige administrative Krankenhaus&#8221;, die eigenen Kliniken passiert ist, weil sie taten, die wussten, dass sie nicht tun konnten, Aufgaben \u00fcbernommen<\/p>\n<p>La Consejer\u00eda de Sanidad bewegen ihre Schlussfolgerungen an die Staatsanwaltschaft, wenn Geschehnisse eines Verbrechens oder strafrechtlichen Verantwortlichkeit darstellen oder verstehen, dass wir den Fall an die Agentur des Schutzes der Daten senden soll.<\/p>\n<p>\u00d6ffnet sich auch zu Kliniken, dass &#8220;vorerst&#8221; nicht senden sie &#8220;keinen einzelnen Patienten&#8221;, Rodr\u00edguez hat.<\/p>\n<p>Gesundheit hat geschnitten &#8220;auf radikale Weise&#8221; die EDV-Anwendung, die Fuenlabrada Krankenhaus installiert hatte, um Termine in Los Madro\u00f1os zu machen.<\/p>\n<p>El Hospital de Fuenlabrada morgen ernennt einen neuen Manager auf einer Sitzung des Board of Directors des Zentrums.<\/p>\n<p>&lt;!-Google_ad_section_end&#8211;><\/p>\n","protected":false},"excerpt":{"rendered":"<p>&lt;!-Google_ad_section_start&#8211;> Madrid, 9 Sep (EFE).-der Gesundheitsminister der Gemeinschaft von Madrid, Javier Rodr\u00edguez, ist heute vorangeschritten, dass sie angenommen hat, der R\u00fccktritt des Managers von den Hospital de Fuenlabrada &#8220;angeblich&#8221; administrative Unregelm\u00e4\u00dfigkeiten bei der \u00dcbertragung von Daten von Patienten zu Privatkliniken sowie die Einstellung der beiden anderen Beschuldigungen aus dem Center. Dieser Entscheidung ist das Ergebnis [&hellip;]<\/p>\n","protected":false},"author":1,"featured_media":0,"comment_status":"close","ping_status":"open","sticky":false,"template":"","format":"standard","meta":{"footnotes":""},"categories":[3],"tags":[],"class_list":["post-41605","post","type-post","status-publish","format-standard","hentry","category-allgemeine","et-doesnt-have-format-content","et_post_format-et-post-format-standard"],"_links":{"self":[{"href":"https:\/\/www.best-dentist-dentistry.com\/de\/wp-json\/wp\/v2\/posts\/41605","targetHints":{"allow":["GET"]}}],"collection":[{"href":"https:\/\/www.best-dentist-dentistry.com\/de\/wp-json\/wp\/v2\/posts"}],"about":[{"href":"https:\/\/www.best-dentist-dentistry.com\/de\/wp-json\/wp\/v2\/types\/post"}],"author":[{"embeddable":true,"href":"https:\/\/www.best-dentist-dentistry.com\/de\/wp-json\/wp\/v2\/users\/1"}],"replies":[{"embeddable":true,"href":"https:\/\/www.best-dentist-dentistry.com\/de\/wp-json\/wp\/v2\/comments?post=41605"}],"version-history":[{"count":0,"href":"https:\/\/www.best-dentist-dentistry.com\/de\/wp-json\/wp\/v2\/posts\/41605\/revisions"}],"wp:attachment":[{"href":"https:\/\/www.best-dentist-dentistry.com\/de\/wp-json\/wp\/v2\/media?parent=41605"}],"wp:term":[{"taxonomy":"category","embeddable":true,"href":"https:\/\/www.best-dentist-dentistry.com\/de\/wp-json\/wp\/v2\/categories?post=41605"},{"taxonomy":"post_tag","embeddable":true,"href":"https:\/\/www.best-dentist-dentistry.com\/de\/wp-json\/wp\/v2\/tags?post=41605"}],"curies":[{"name":"wp","href":"https:\/\/api.w.org\/{rel}","templated":true}]}}