{"id":41641,"date":"2014-09-17T03:31:34","date_gmt":"2014-09-17T03:31:34","guid":{"rendered":null},"modified":"-0001-11-30T00:00:00","modified_gmt":"-0001-11-30T00:00:00","slug":"mandela-improves-says-south-african-president","status":"publish","type":"post","link":"https:\/\/www.best-dentist-dentistry.com\/de\/mandela-improves-says-south-african-president\/41641","title":{"rendered":"Mandela verbessert, sagt der s\u00fcdafrikanische Pr\u00e4sident"},"content":{"rendered":"<p class=\"first\"> Johannesburg, S\u00fcdafrika (AP) &#8211; Nelson Mandela wurde krank mit der Schwerkraft, aber es hat sich in den letzten Tagen einmal eine Lungenentz\u00fcndung diagnostiziert und er operiert durch einen Gallenstein, sagte der s\u00fcdafrikanische Pr\u00e4sident Jacob Zuma am Donnerstag stetig verbessert.<\/p>\n<p>F\u00fcr das erste Mal offiziell anerkannt, dass Mandela Ernst war und war 13 Tage nachdem das Symbol des Kampfes gegen die Apartheid in ein Krankenhaus in der Hauptstadt Pretoria zugelassen worden war.<\/p>\n<p>Die Regierung anfangs sagte, dass Mandela, 94 Jahre alt, wurde \u00e4rztliche Untersuchungen und Informationen, die gefolgt knapp und manchmal widerspr\u00fcchliche wurde.<\/p>\n<p>&#8220;Sein Zustand war Ernst aber Mandela reagiert gut auf die Behandlung und verbessert st\u00e4ndig in den vergangenen Tagen&#8221;, sagte Zuma am Ende einer Konferenz des Afrikanischen Nationalkongresses, eine politische Partei.<\/p>\n<p>&#8220;Hat mir mitgeteilt, dass, in seinem Alter \u00c4rzte brauchen, in einer Weise sehr allm\u00e4hlichen und zarten Maximierung der Chancen auf eine vollst\u00e4ndige Genesung zu intervenieren&#8221;, sagte Zuma. &#8220;Das \u00c4rzteteam hat unser volle Vertrauen und Mandela empf\u00e4ngt die bestm\u00f6gliche Versorgung,&#8221; sagte.<\/p>\n<p>Zuma sprach in einer Erkl\u00e4rung an die Aufmerksamkeit, Mandela, aber seine Aussagen am Donnerstag waren das umfangreichste auf dem ehemaligen Vorsitzenden gemacht Datum von einem s\u00fcdafrikanischen Offizier vor einigen Tagen.<\/p>\n<p>Einige Kommentatoren kritisiert die Regierung f\u00fcr seinen Mangel an Transparenz rund um den Zustand von Mandela, eine Figur, die im in- und Ausland verehrt.<\/p>\n<p>Mandela war der Anf\u00fchrer im Kampf gegen die wei\u00dfen rassistischen Herrschaft in S\u00fcdafrika, wo 27 Jahren Haft wegen ihres Glaubens gel\u00f6scht. Mandela war Pr\u00e4sident w\u00e4hrend eines Zeitraums von f\u00fcnf Jahren und dann zu R\u00fcckzug.<\/p>\n<p>Nach unn\u00f6tige Eingriffe und Ballungsr\u00e4umen der Presse in einem \u00f6ffentlichen Krankenhaus, wo Mandela im Jahr 2011 blieb, \u00fcbernahm s\u00fcdafrikanische Streitkr\u00e4ften engagiert in der Obhut des ehemaligen Pr\u00e4sidenten und die Regierung die Gesundheit derselben Informationen.<\/p>\n<p>Der Gewinner des Nobelpreises haben eine Geschichte der Lungenprobleme, da er an Tuberkulose im Jahr 1988 nahe dem Ende seiner Haft erkrankte.<\/p>\n<p>Obwohl die \u00c4rzte sagten damals dann, dass die Krankheit nicht verursacht bleibende Sch\u00e4den an der Lunge von Mandela, medizinische Experten sagen, dass Tuberkulose Probleme Jahre sp\u00e4ter den verursachen kann, die aus it. erlitten haben<\/p>\n<p>Krankenhaus, die l\u00e4ngste Amtszeit von Mandela, da er aus dem Gef\u00e4ngnis, im Februar 1990 entlassen wurde, hat Bedenken im Hinblick auf eine Zahl, die die Bestrebungen eines Landes darstellt, die mit Rassismus und Armut k\u00e4mpfen weiterhin zugenommen.<\/p>\n","protected":false},"excerpt":{"rendered":"<p>Johannesburg, S\u00fcdafrika (AP) &#8211; Nelson Mandela wurde krank mit der Schwerkraft, aber es hat sich in den letzten Tagen einmal eine Lungenentz\u00fcndung diagnostiziert und er operiert durch einen Gallenstein, sagte der s\u00fcdafrikanische Pr\u00e4sident Jacob Zuma am Donnerstag stetig verbessert. F\u00fcr das erste Mal offiziell anerkannt, dass Mandela Ernst war und war 13 Tage nachdem das [&hellip;]<\/p>\n","protected":false},"author":1,"featured_media":0,"comment_status":"close","ping_status":"open","sticky":false,"template":"","format":"standard","meta":{"footnotes":""},"categories":[3],"tags":[49630],"class_list":["post-41641","post","type-post","status-publish","format-standard","hentry","category-allgemeine","tag-protestierten","et-doesnt-have-format-content","et_post_format-et-post-format-standard"],"_links":{"self":[{"href":"https:\/\/www.best-dentist-dentistry.com\/de\/wp-json\/wp\/v2\/posts\/41641","targetHints":{"allow":["GET"]}}],"collection":[{"href":"https:\/\/www.best-dentist-dentistry.com\/de\/wp-json\/wp\/v2\/posts"}],"about":[{"href":"https:\/\/www.best-dentist-dentistry.com\/de\/wp-json\/wp\/v2\/types\/post"}],"author":[{"embeddable":true,"href":"https:\/\/www.best-dentist-dentistry.com\/de\/wp-json\/wp\/v2\/users\/1"}],"replies":[{"embeddable":true,"href":"https:\/\/www.best-dentist-dentistry.com\/de\/wp-json\/wp\/v2\/comments?post=41641"}],"version-history":[{"count":0,"href":"https:\/\/www.best-dentist-dentistry.com\/de\/wp-json\/wp\/v2\/posts\/41641\/revisions"}],"wp:attachment":[{"href":"https:\/\/www.best-dentist-dentistry.com\/de\/wp-json\/wp\/v2\/media?parent=41641"}],"wp:term":[{"taxonomy":"category","embeddable":true,"href":"https:\/\/www.best-dentist-dentistry.com\/de\/wp-json\/wp\/v2\/categories?post=41641"},{"taxonomy":"post_tag","embeddable":true,"href":"https:\/\/www.best-dentist-dentistry.com\/de\/wp-json\/wp\/v2\/tags?post=41641"}],"curies":[{"name":"wp","href":"https:\/\/api.w.org\/{rel}","templated":true}]}}