{"id":41696,"date":"2014-09-20T02:50:46","date_gmt":"2014-09-20T02:50:46","guid":{"rendered":null},"modified":"-0001-11-30T00:00:00","modified_gmt":"-0001-11-30T00:00:00","slug":"llamazares-reform-of-abortion-is-in-the-field-of-religious-propaganda","status":"publish","type":"post","link":"https:\/\/www.best-dentist-dentistry.com\/de\/llamazares-reform-of-abortion-is-in-the-field-of-religious-propaganda\/41696","title":{"rendered":"llamazares reform of abortion is in the field of religious propaganda"},"content":{"rendered":"<p class=\"first\"> Torres (Ja\u00e9n), 25 jul (EFE).-Stellvertreter der Vereinigten Linken, Gaspar Llamazares, glaubt, dass Abtreibung Reform vorgeschlagen, von der Regierung &#8220;Wir sind nicht auf dem Gebiet des Rechts&#8221;, aber das &#8220;wir im Bereich der religi\u00f6sen Propaganda und Agitation sind&#8221;.<\/p>\n<p>Llamazares sagte, in den Anmerkungen zu Journalisten vor der Teilnahme an der Sommerkurse an der Universit\u00e4t Ja\u00e9n, angef\u00fchrt von Richter Garz\u00f3n, ihre Hoffnung, dass es nur ein Vorschlag, ist, &#8220;denn das Justizministerium zunehmend ein Ministerium f\u00fcr Agitation und Propaganda&#8221;.<\/p>\n<p>F\u00fcr die MP f\u00fcr Izquierda Unida, der Vorschlag hat nichts mit der fr\u00fcheren demokratischen B\u00fchne, sondern mit der Diktatur-\u00c4ra zu tun.<\/p>\n<p>Da seiner Meinung nach &#8220;Nein wir freiwillige Unterbrechung der Schwangerschaft, aber der therapeutische Abtreibung, wo uns nur mit den L\u00e4ndern, wo die religi\u00f6se Fundalentalismo Recht der Frau vorangestellt ist, verglichen werden k\u00f6nnen Gesetze sind&#8221;.<\/p>\n<p>Auch der Auffassung, dass hat was mit der Gefahr der Mutter oder fetalen Fehlbildungen, zu tun hat keine Diskussion im Rahmen der Verfassung und &#8220;Ja hat mehr zu tun mit den Bisch\u00f6fen und den religi\u00f6sen Fundamentalismus&#8221;.<\/p>\n","protected":false},"excerpt":{"rendered":"<p>Torres (Ja\u00e9n), 25 jul (EFE).-Stellvertreter der Vereinigten Linken, Gaspar Llamazares, glaubt, dass Abtreibung Reform vorgeschlagen, von der Regierung &#8220;Wir sind nicht auf dem Gebiet des Rechts&#8221;, aber das &#8220;wir im Bereich der religi\u00f6sen Propaganda und Agitation sind&#8221;. Llamazares sagte, in den Anmerkungen zu Journalisten vor der Teilnahme an der Sommerkurse an der Universit\u00e4t Ja\u00e9n, angef\u00fchrt [&hellip;]<\/p>\n","protected":false},"author":1,"featured_media":0,"comment_status":"close","ping_status":"open","sticky":false,"template":"","format":"standard","meta":{"footnotes":""},"categories":[3],"tags":[],"class_list":["post-41696","post","type-post","status-publish","format-standard","hentry","category-allgemeine","et-doesnt-have-format-content","et_post_format-et-post-format-standard"],"_links":{"self":[{"href":"https:\/\/www.best-dentist-dentistry.com\/de\/wp-json\/wp\/v2\/posts\/41696","targetHints":{"allow":["GET"]}}],"collection":[{"href":"https:\/\/www.best-dentist-dentistry.com\/de\/wp-json\/wp\/v2\/posts"}],"about":[{"href":"https:\/\/www.best-dentist-dentistry.com\/de\/wp-json\/wp\/v2\/types\/post"}],"author":[{"embeddable":true,"href":"https:\/\/www.best-dentist-dentistry.com\/de\/wp-json\/wp\/v2\/users\/1"}],"replies":[{"embeddable":true,"href":"https:\/\/www.best-dentist-dentistry.com\/de\/wp-json\/wp\/v2\/comments?post=41696"}],"version-history":[{"count":0,"href":"https:\/\/www.best-dentist-dentistry.com\/de\/wp-json\/wp\/v2\/posts\/41696\/revisions"}],"wp:attachment":[{"href":"https:\/\/www.best-dentist-dentistry.com\/de\/wp-json\/wp\/v2\/media?parent=41696"}],"wp:term":[{"taxonomy":"category","embeddable":true,"href":"https:\/\/www.best-dentist-dentistry.com\/de\/wp-json\/wp\/v2\/categories?post=41696"},{"taxonomy":"post_tag","embeddable":true,"href":"https:\/\/www.best-dentist-dentistry.com\/de\/wp-json\/wp\/v2\/tags?post=41696"}],"curies":[{"name":"wp","href":"https:\/\/api.w.org\/{rel}","templated":true}]}}