{"id":41851,"date":"2014-10-04T02:35:07","date_gmt":"2014-10-04T02:35:07","guid":{"rendered":null},"modified":"-0001-11-30T00:00:00","modified_gmt":"-0001-11-30T00:00:00","slug":"a-reference-of-villalobos-to-the-machismo-generates-an-anger-in-congress","status":"publish","type":"post","link":"https:\/\/www.best-dentist-dentistry.com\/de\/a-reference-of-villalobos-to-the-machismo-generates-an-anger-in-congress\/41851","title":{"rendered":"a reference of villalobos to the machismo generates an anger in congress"},"content":{"rendered":"<p class=\"first\"> Madrid, 17. Mai (EFE).-eine Kreuzung von Anschuldigungen und Entschuldigungen hat die Debatte im Kongress \u00fcber die Gesundheitsreform sich pers\u00f6nlich der PSOE Jos\u00e9 Mart\u00ednez Olmos Stellvertreter von der Vizepr\u00e4sident des Kongresses, Celia Villalobos, der die &#8220;\u00fcberm\u00e4\u00dfig sexistischen reden von M\u00e4nnern&#8221; kritisiert hat spritzte.<\/p>\n<p>Bei der Bewertung des Real Decreto-Sostenilibidad des Gesundheitssystems, hat die Ministerin f\u00fcr Gesundheit, soziale Dienste und Gleichheit, Ana Mato, gestand Gef\u00fchl aufgeregt durch den Ton der Intervention von Mart\u00ednez Olmos, wer seiner &#8220;Inkompetenz&#8221; als Leiter dieser Abteilung angeprangert hat.<\/p>\n<p>Mato hat darauf hingewiesen, dass es &#8220;wesentlich, den politischen Gegner zu respektieren&#8221; und bedauerte, dass einige &#8220;wei\u00df nicht, werden zu diesem Anlass zu steigen&#8221;.<\/p>\n<p>&#8220;Sie sind Lehrer an Demagogie aber den schlechtesten Studenten in was bezieht sich auf die Behandlung von Personen, und zeigen Sie es, wenn Sie in diesem Haus erscheinen&#8221;, hat Mato bereut.<\/p>\n<p>Ihrerseits hat der Sozialistenf\u00fchrer gerechtfertigt, den richtigen Ton f\u00fcr ihre Kritik an der Minister, dass die eigenen Villalobos nicht ihm Aufmerksamkeit zu jedem Zeitpunkt in Ihrer Rede aufgerufen hatte.<\/p>\n<p>&#8220;Wird nicht Sie k\u00f6nnen sagen, dass ich es, ohne Respekt versucht habe; Ich habe eine Kritik an seiner Inkompetenz als Minister f\u00fcr Gesundheit, weil es die Gesundheit der Spanier schadet&#8221;, hat behauptet Mart\u00ednez Olmos.<\/p>\n<p>Diese Worte hat der Vizepr\u00e4sident des Kongresses, die zur Zeit die Diskussion nach Anh\u00f6rung Protesten einiger Mitglieder des die PP. moderiert beantwortet<\/p>\n<p>&#8220;Herr Mart\u00ednez und bin zutiefst Respekt f\u00fcr die Ansichten aller in diesem Haus; Ich habe f\u00fcnfundzwanzig Jahre, wie mir oder gef\u00e4llt mir nicht oder m\u00e4nnliche Chauvinisten scheinen \u00fcberm\u00e4\u00dfig einige Redebeitr\u00e4ge von einigen M\u00e4nnern in diesem Haus&#8221;, sagte Villalobos.<\/p>\n<p>Dem Handgemenge wurde erweitert auf den B\u00e4nken beider Gruppen auf die Intervention der Generalsekret\u00e4re der beiden Parteien gef\u00fchrt hat, die Positionen ihrer jeweiligen F\u00fchrer zu verteidigen.<\/p>\n<p>Reaktion, Villalobos hat n\u00e4herte sich Mart\u00ednez Olmos zu entschuldigen, wenn &#8220;es durch die sexistische beleidigt hatte&#8221; und dieser Ausdruck entfernt.<\/p>\n<p>Die Kontroverse \u00fcber soziale Netzwerke, ausgebreitet hat, da es viele Mitglieder per Twitter verbreitet haben.<\/p>\n","protected":false},"excerpt":{"rendered":"<p>Madrid, 17. Mai (EFE).-eine Kreuzung von Anschuldigungen und Entschuldigungen hat die Debatte im Kongress \u00fcber die Gesundheitsreform sich pers\u00f6nlich der PSOE Jos\u00e9 Mart\u00ednez Olmos Stellvertreter von der Vizepr\u00e4sident des Kongresses, Celia Villalobos, der die &#8220;\u00fcberm\u00e4\u00dfig sexistischen reden von M\u00e4nnern&#8221; kritisiert hat spritzte. Bei der Bewertung des Real Decreto-Sostenilibidad des Gesundheitssystems, hat die Ministerin f\u00fcr Gesundheit, [&hellip;]<\/p>\n","protected":false},"author":1,"featured_media":0,"comment_status":"close","ping_status":"open","sticky":false,"template":"","format":"standard","meta":{"footnotes":""},"categories":[3],"tags":[],"class_list":["post-41851","post","type-post","status-publish","format-standard","hentry","category-allgemeine","et-doesnt-have-format-content","et_post_format-et-post-format-standard"],"_links":{"self":[{"href":"https:\/\/www.best-dentist-dentistry.com\/de\/wp-json\/wp\/v2\/posts\/41851","targetHints":{"allow":["GET"]}}],"collection":[{"href":"https:\/\/www.best-dentist-dentistry.com\/de\/wp-json\/wp\/v2\/posts"}],"about":[{"href":"https:\/\/www.best-dentist-dentistry.com\/de\/wp-json\/wp\/v2\/types\/post"}],"author":[{"embeddable":true,"href":"https:\/\/www.best-dentist-dentistry.com\/de\/wp-json\/wp\/v2\/users\/1"}],"replies":[{"embeddable":true,"href":"https:\/\/www.best-dentist-dentistry.com\/de\/wp-json\/wp\/v2\/comments?post=41851"}],"version-history":[{"count":0,"href":"https:\/\/www.best-dentist-dentistry.com\/de\/wp-json\/wp\/v2\/posts\/41851\/revisions"}],"wp:attachment":[{"href":"https:\/\/www.best-dentist-dentistry.com\/de\/wp-json\/wp\/v2\/media?parent=41851"}],"wp:term":[{"taxonomy":"category","embeddable":true,"href":"https:\/\/www.best-dentist-dentistry.com\/de\/wp-json\/wp\/v2\/categories?post=41851"},{"taxonomy":"post_tag","embeddable":true,"href":"https:\/\/www.best-dentist-dentistry.com\/de\/wp-json\/wp\/v2\/tags?post=41851"}],"curies":[{"name":"wp","href":"https:\/\/api.w.org\/{rel}","templated":true}]}}