{"id":4212,"date":"2012-03-13T18:00:19","date_gmt":"2012-03-13T18:00:19","guid":{"rendered":""},"modified":"2012-03-14T11:49:38","modified_gmt":"2012-03-14T11:49:38","slug":"the-imo-foundation-and-the-parlament-de-catalunya-unite-against-glaucoma","status":"publish","type":"post","link":"https:\/\/www.best-dentist-dentistry.com\/de\/the-imo-foundation-and-the-parlament-de-catalunya-unite-against-glaucoma\/4212","title":{"rendered":"Die IMO Stiftung und dem Parlament de Catalunya vereinen gegen Glaukom"},"content":{"rendered":"<p><font   size=\"2\"> <strong><font size=\"3\"> la Fundaci\u00f3n IMO und dem Parlament de Catalunya vereinen gegen Glaukom<\/font> <\/p>\n<p> beginnt eine Woche gewidmet, das Bewusstsein f\u00fcr die Krankheit, zur diagnose von 50 % der Patienten, die sie haben und sie nicht wissen, <\/p>\n<p> Barcelona, 12. M\u00e4rz 2012<\/strong> La Fundaci\u00f3n IMO, Forschung, Lehre und Vermeidung von Augenkrankheiten gewidmet, es hat die Kampagne &#8220;Brechen die Einkesselung bei Vision. Kampf gegen Glaukom&#8221;, mit die, F\u00f6rderung der Pr\u00e4vention dieser Krankheit, die zweite Ursache f\u00fcr Erblindung in der Welt soll zeitgleich mit der Welt-Glaukom-Woche feierte in diesen Tagen (bis 17. M\u00e4rz), gef\u00f6rdert. <\/p>\n<p>Also entwarf er eine Reihe von Aktivit\u00e4ten, einschlie\u00dflich Testversionen der Fr\u00fcherkennung der Krankheit, die im Laufe der Woche am Sitz der die Augen Mikrochirurgie Institut Barcelona durchgef\u00fchrt werden. Diese gleichen Erkundungen auch findet heute Mittwoch 14, 9.45 bin. bis 18.00 Uhr, in das Parlament von Katalonien, die wollte hat sich dieser Initiative hostet einen Tag in dem ein Team von Spezialisten in Glaukom und Optiker durchgef\u00fchrt alle Abgeordneten, die dies w\u00fcnschen Bewertungen, sowie Personal und Presse akkreditiert. Die Exploration wird eine Sehsch\u00e4rfe-Test, eine Entscheidung des Auge Drucks und eine Erforschung der Sehnerv enthalten. <\/p>\n<p>Mit dieser Initiative m\u00f6chten der medizinischen und wissenschaftlichen Gemeinschaft und die politische Klasse verkn\u00fcpfen Bem\u00fchungen um die Bedeutung der Verh\u00fctung einer Krankheit hervorzuheben, die heute keine Heilung und kann Blindheit verursachen, wenn nicht erkannt und ist in seiner Anfangsphase. Die Kampagne betont dar\u00fcber hinaus die gro\u00dfe Tasche von Patienten, die Glaukom haben und nicht wissen, und die deckt etwa die H\u00e4lfte der betroffenen Bev\u00f6lkerung. Diese Menschen verlieren in einer langsamen und progressiven Weise, weshalb, peripheres sehen oft nicht bewusst, bis sie fast 80 % der betroffenen Blickfeld nicht haben. In diesem Sinne suchen die Augen\u00e4rzte auch Zusammenarbeit mit anderen Gruppen, die die erste Stimme der Warnung, als die optische, geben kann, die einen ersten Vortrag mit dem Titel gerichtet hat: &#8220;Ziel: 50 % der Patienten haben Glaukom und wei\u00df es nicht, zu diagnostizieren&#8221;. Dar\u00fcber hinaus die IMO-Stiftung und die offizielle Col\u2219legi d &#8217; \u00d2ptics Optometristes de Catalunya, f\u00fcr das zweite Jahr in Folge, haben eine Vereinbarung zum Verteilen von Informationsmaterial \u00fcber die Krankheit in alle katalanischen Optik. Neben grundlegenden Fakten \u00fcber Glaukom hat die IMO-Stiftung ein Symbol auf der Klappe, Leuchten, deren kreisf\u00f6rmige Design bezieht sich auf die peripheren Sehverlust durch Glaukom verursacht verteilt. <\/p>\n<p>Diese kleine Kreis der gr\u00fcnen Farbe als ein Zeichen der Hoffnung f\u00fcr zuk\u00fcnftige Heilung der Krankheit werden alle Woche auf den Umfang der den Mitgliedern des Kongresses der Abgeordneten von Madrid, auch das im vergangenen Jahr einen legislativen nicht zum Kampf gegen Glaukom VorschlagKrankheit, die das Dokument einstimmig als &#8220;der Stille Dieb des Sehens&#8221; bezeichnet. <\/p>\n<p>Die Kampagne umfasst au\u00dferdem einen Vortrag f\u00fcr die \u00d6ffentlichkeit, dass unter dem Titel &#8220;Der Schl\u00fcssel zum Verst\u00e4ndnis Glaukom&#8221;, findet am kommenden Donnerstag 15,-19. 30 h. am Sitz der IMO (Josep Maria Llad\u00f3, 3.) Ausfahrt 7 von der DDR. (de Dalt). <\/p>\n<p><strong>Glaukom<\/strong> <\/p>\n<p>Glaukom ist eine Krankheit, die progressive Besch\u00e4digung der Sehnerven, der Teil des Auges verursacht, die Bilder an das Gehirn sendet. Als Folge des Gesichtsfeldes nimmt allm\u00e4hlich und kann Blindheit verursachen, wenn sie nicht rechtzeitig behandelt wird. Derzeit, Glaukom, der eine Million Menschen in Spanien betroffen sind, ist die zweite f\u00fchrende Ursache vermeidbarer Blindheit in der Welt, wo es etwa 60 Millionen Menschen mit der Krankheit. <\/p>\n<p>Aktuelle Behandlungen \u2010f\u00e1rmacos, Laser oder verschiedene Arten der Chirurgie (Trabeculectomy, nicht Follikulitis Perforans Tiefe Esclerectom\u00eda oder Ventile) \u2010 verwalten, Auge Druck zu verringern und das Fortschreiten der Erkrankung verlangsamen, sondern lassen sich nicht wiederherstellen verloren Vision. Daher ist es wichtig, die Krankheit in fr\u00fchen Stadien, zu bestimmen, die durch einfache und schmerzlose Auge Kontrollen durchgef\u00fchrt werden k\u00f6nnen. Die IMO-Stiftung empfiehlt, dass alle Menschen Auge Revisionen auf halbj\u00e4hrliche Basis ab dem Alter von 40 und j\u00e4hrlich in F\u00e4llen von Gefahr unterziehen: Menschen mit einer direkten Familiengeschichte des Glaukoms mit hoher Myopie oder anderen schweren Sehst\u00f6rungen, \u00fcber 60 Jahrewie auch schwarze oder asiatische Menschen. <\/p>\n<p><strong>La Fundaci\u00f3n IMO und die Welt-Glaukom-Woche<\/strong> <\/p>\n<p>Die IMO-Stiftung wurde von einem Team der Augen\u00e4rzte und Forscher aus der Institute der Okular-Mikrochirurgie von Barcelona mit dem Ziel der Entwicklung von Projekten von Forschung, Lehre und Vermeidung von Augenkrankheiten erstellt. Pr\u00e4vention und Untersuchung neuer wirksame Therapien sind die zwei wichtigsten Pferde Schlacht von Glaukom, eine Krankheit jetzt unheilbar, obwohl mit der Eind\u00e4mmung des Verlusts der Vision, die verursacht wird diagnostiziert und fr\u00fch behandelt, Therapien. Deshalb wollten die IMO-Stiftung an der Welt-Glaukom-Woche, eine gemeinsame Initiative der Welt Glaukom Association (http:\/\/www.worldglaucoma.org) und der Association-Welt von Patienten mit Glaukom (http:\/\/www.worldgpa.org), das f\u00f6rdert die Information und Sensibilisierung Initiativen auf der ganzen Welt die Notwendigkeit, die Krankheit zu verhindern. <\/p>\n<p><\/font><\/p>\n","protected":false},"excerpt":{"rendered":"<p>la Fundaci\u00f3n IMO und dem Parlament de Catalunya vereinen gegen Glaukom beginnt eine Woche gewidmet, das Bewusstsein f\u00fcr die Krankheit, zur diagnose von 50 % der Patienten, die sie haben und sie nicht wissen, Barcelona, 12. M\u00e4rz 2012 La Fundaci\u00f3n IMO, Forschung, Lehre und Vermeidung von Augenkrankheiten gewidmet, es hat die Kampagne &#8220;Brechen die Einkesselung [&hellip;]<\/p>\n","protected":false},"author":1,"featured_media":0,"comment_status":"closed","ping_status":"open","sticky":false,"template":"","format":"standard","meta":{"footnotes":""},"categories":[3],"tags":[13347,115,8211,10686,13291,4454,4695,11791,13348,13130,7194,430,13129,1769,18,13203,11446,2359,5110,473],"class_list":["post-4212","post","type-post","status-publish","format-standard","hentry","category-allgemeine","tag-abgeordnete","tag-barcelona","tag-bewusstsein","tag-catalunya","tag-der-welt","tag-druck","tag-glaukom","tag-hrt","tag-imo","tag-imo-stiftung","tag-initiative","tag-institut","tag-kooperative","tag-krankheit","tag-mensch","tag-rz","tag-tung","tag-vermeidung","tag-vision","tag-woche","et-doesnt-have-format-content","et_post_format-et-post-format-standard"],"_links":{"self":[{"href":"https:\/\/www.best-dentist-dentistry.com\/de\/wp-json\/wp\/v2\/posts\/4212","targetHints":{"allow":["GET"]}}],"collection":[{"href":"https:\/\/www.best-dentist-dentistry.com\/de\/wp-json\/wp\/v2\/posts"}],"about":[{"href":"https:\/\/www.best-dentist-dentistry.com\/de\/wp-json\/wp\/v2\/types\/post"}],"author":[{"embeddable":true,"href":"https:\/\/www.best-dentist-dentistry.com\/de\/wp-json\/wp\/v2\/users\/1"}],"replies":[{"embeddable":true,"href":"https:\/\/www.best-dentist-dentistry.com\/de\/wp-json\/wp\/v2\/comments?post=4212"}],"version-history":[{"count":0,"href":"https:\/\/www.best-dentist-dentistry.com\/de\/wp-json\/wp\/v2\/posts\/4212\/revisions"}],"wp:attachment":[{"href":"https:\/\/www.best-dentist-dentistry.com\/de\/wp-json\/wp\/v2\/media?parent=4212"}],"wp:term":[{"taxonomy":"category","embeddable":true,"href":"https:\/\/www.best-dentist-dentistry.com\/de\/wp-json\/wp\/v2\/categories?post=4212"},{"taxonomy":"post_tag","embeddable":true,"href":"https:\/\/www.best-dentist-dentistry.com\/de\/wp-json\/wp\/v2\/tags?post=4212"}],"curies":[{"name":"wp","href":"https:\/\/api.w.org\/{rel}","templated":true}]}}