{"id":4213,"date":"2012-03-13T18:00:24","date_gmt":"2012-03-13T18:00:24","guid":{"rendered":""},"modified":"2012-03-14T11:49:26","modified_gmt":"2012-03-14T11:49:26","slug":"hospital-nisa-pardo-de-aravaca-welcomes-the-first-day-on-mialgica-or-chronic-fatigue-syndrome-encephalomyelitis","status":"publish","type":"post","link":"https:\/\/www.best-dentist-dentistry.com\/de\/hospital-nisa-pardo-de-aravaca-welcomes-the-first-day-on-mialgica-or-chronic-fatigue-syndrome-encephalomyelitis\/4213","title":{"rendered":"Krankenhaus Nisa Pardo de Aravaca begr\u00fc\u00dft den ersten Tag auf Mi\u00e1lgica oder chronische Erm\u00fcdung Syndrom Enzephalomyelitis"},"content":{"rendered":"<p><font   size=\"2\"> <font size=\"3\"> <strong>el Hospital Nisa Pardo de Aravaca begr\u00fc\u00dft ersten Tag an Enzephalomyelitis Mi\u00e1lgica oder chronischen Ersch\u00f6pfungssyndrom (CFS)<\/strong><\/font> <\/p>\n<p>-Tag findet am Freitag 16. M\u00e4rz im Krankenhaus Nisa Pardo de Aravaca, 9.30 bis 20.30 Stunden. <\/p>\n<p>-das Treffen wird organisiert von der Einheit der Mi\u00e1lgica Enzephalomyelitis (MS), CFS und Fibromyalgie von Madrid \u00fcber das Krankenhaus Nisa Pardo de Aravaca und die Universit\u00e4t Mitte der Medizin Sport (CUMED) der UCM. <\/p>\n<p><strong>Madrid, M\u00e4rz 2012.-<\/strong> Krankenhaus Nisa Pardo de Aravaca, zusammen mit der Universit\u00e4t Complutense Madrid CUMED, organisiert die erste Tag j\u00e4hrliche Enzephalomyelitis Mi\u00e1lgica in Madrid, besser bekannt als chronic Fatigue Syndrom, Krankheit betrifft immer mehr Menschen und das ist ein langer Weg vor uns \u00fcber die Studie von der Behandlung und Pr\u00e4vention. <\/p>\n<p>Die University Hospital von Getafe, das Krankenhaus Puerta de Hierro, multidisziplin\u00e4re Gruppe von CFS CMD von Barcelona, die Vereinigung der von CFS und der Gemeinschaft von Madrid, LCN betroffen und rechtlichen Bereich Laboratorien qm Anw\u00e4lte auch zusammenarbeiten. <\/p>\n<p><strong>Die Sitzung ist wie folgt strukturiert: <br \/><\/strong> <\/p>\n<p>EINWEIHUNG. 21:30 &#8211; Dr. Manuel Vilches, Manager von dem Krankenhaus Nisa Pardo de Aravaca. <\/p>\n<p><strong>Prime Block. Kriterien DIAGNOSTICOS:<\/strong> <\/p>\n<p> 10:00 Uhr &#8211; Bewertung der aktuellen Diagnosekriterien. <\/p>\n<p>22:30 &#8211; Enzephalomyelitis Mi\u00e1lgica (EM-CFS) bei Kindern und Jugendlichen. DRA. Ana Garcia Quintana. <\/p>\n<p><strong>Zweiten Block. Aufteilung SISTEMICA der ENZEPHALOMYELITIS MIALGICA &#8211; SFC:<\/strong> <\/p>\n<p> zu) Tabelle auf die Beeintr\u00e4chtigung des ZNS bei MS: <\/p>\n<p> 23:00 &#8211; Erfahrung mit neuropsychologischen Batterien. Dr. Javier Garc\u00eda. <\/p>\n<p>11:30 h &#8211; technische Gehirn SPECT. DRA. Ana Garcia Quintana. <\/p>\n<p>(B) Tabelle auf die Aufteilung MUSCULAR de LA EM (SFC): <\/p>\n<p> 12:30 &#8211; Erfahrung in Studien der aeroben Reserve bei Patienten mit Enzephalomyelitis Mi\u00e1lgica &#8211; SFC. Dr. Juan Carlos Segovia. CUMED. <\/p>\n<p> 13:00 h &#8211; Profil f\u00fcr Anpassung an die Anstrengung des Patienten mit Enzephalomyelitis Mi\u00e1lgica-SFC. DRA. Andrea Suarez. <\/p>\n<p> 13:30 Enzephalomyelitis Mi\u00e1lgica-SFC k\u00f6rperliche Aktivit\u00e4tsmuster. Dr. Francisco Javier L\u00f3pez-Silvarrey Varela. CUMED <\/p>\n<p> C) Tabelle \u00fcber FIBROMYALGIE <\/p>\n<p> 15:30 h &#8211; Behandlung von Fibromyalgie. Wissenschaftliche Beweise. Dr. Jes\u00fas Estrada Fern\u00e1ndez. <\/p>\n<p> 16:00 Uhr &#8211; Pr\u00e4valenz-Studie der genetischen Pr\u00e4disposition f\u00fcr Z\u00f6liakie bei Patienten mit EM (CFS). Dr. C. Isasi. <\/p>\n<p><strong>Dritten Block. JURISTISCHE B\u00dcRO. Auswirkungen sozio-Arbeit von der EM (SFC):<\/strong> <\/p>\n<p> 17:00 Uhr &#8211; rechtliche Bewertung der Krankheit. Arten der Arbeitsunf\u00e4higkeit arbeiten und gesetzlichen Anforderungen. D. Enrique Molina. <\/p>\n<p> 17:20 h &#8211; rechtlichen Beurteilung der Behinderungen bei Fibromyalgie. Schwierigkeiten der Beweis. \u00c4hnlichkeiten und Unterschiede mit den EM-SFC. Frau Olga River. <\/p>\n<p>17:40 h &#8211; 36\/2011 sozialen Zust\u00e4ndigkeit Act. Wichtige Entwicklungen. Frau Lourdes Mart\u00ednez. <\/p>\n<p><strong>Vierten Block. WISSENSCHAFTLICHE FORTSCHRITTE IN DER EM-SFC. AKTUELLE FORSCHUNG. ERSTE Ergebnisse <br \/><\/strong> <br \/> 18.00 h &#8211; Gehabe Neurovegetativa in EM (SFC): Wert des Studiums von der Kipptisch in Ms.CFS. Dr. Paylos. <\/p>\n<p> 19:00 h &#8211; immun Wertminderung der EM (SFC): N\u00fctzlichkeit der Besch\u00e4ftigung von biologischer Marker in die klinische Behandlung von Patienten mit Ms-SFC. Dr. Der Meirler. <\/p>\n<p> 19:30 h &#8211; SFC. neuesten Studien. Dr. Der Meirler. <\/p>\n<p> 08:00 &#8211; Debatte. <\/p>\n<p>SCHLIE\u00dfEN. 20:20 Uhr &#8211; Frau Elena Juarez, Generaldirektor der Patientenversorgung. <\/p>\n<p><strong>\u00dcber Krankenh\u00e4user Nisa<\/strong> <\/p>\n<p>Nisa Krankenhaus soll Praktiker der privaten Medizin und Gesundheitswesen, in komplement\u00e4rer Weise, die modernsten technischen Mitteln und qualifiziertesten Humanressourcen, die in jedem medizinischen Spezialgebiet erforderlich sind. Ziel ist die Anpassung an die jeweilige Situation verbessern ihr Angebot und bietet eine umfassende und hochwertige Pflege zu entwickeln. <\/p>\n<p>Krankenh\u00e4user Nisa hat derzeit sieben Krankenh\u00e4user: vier in Valencia, in Castell\u00f3n, in einem in Madrid und Sevilla. Es hat auch das Zentrum Schaden Gehirn Nisa Vinalop\u00f3 in Elche, dienen Patienten aus Alicante, Murcia und Kastilien-La Mancha. In diesem Jahr es ist Arbeit an einem neuen Krankenhaus in Valencia beginnen und im Medical Center in Sevilla er\u00f6ffnen wird. <\/p>\n<p><\/font><\/p>\n","protected":false},"excerpt":{"rendered":"<p>el Hospital Nisa Pardo de Aravaca begr\u00fc\u00dft ersten Tag an Enzephalomyelitis Mi\u00e1lgica oder chronischen Ersch\u00f6pfungssyndrom (CFS) -Tag findet am Freitag 16. M\u00e4rz im Krankenhaus Nisa Pardo de Aravaca, 9.30 bis 20.30 Stunden. -das Treffen wird organisiert von der Einheit der Mi\u00e1lgica Enzephalomyelitis (MS), CFS und Fibromyalgie von Madrid \u00fcber das Krankenhaus Nisa Pardo de Aravaca [&hellip;]<\/p>\n","protected":false},"author":1,"featured_media":0,"comment_status":"closed","ping_status":"open","sticky":false,"template":"","format":"standard","meta":{"footnotes":""},"categories":[3],"tags":[13344,13133,756,13337,13345,13343,13338,5982,13135,13342,13339,1203,13130,13340,1769,13134,13131,13132,13341,13336,13335,39,13346],"class_list":["post-4213","post","type-post","status-publish","format-standard","hentry","category-allgemeine","tag-ana-garcia","tag-aravaca","tag-behandlung","tag-cfs","tag-chronic-fatigue","tag-complutense-madrid","tag-cumed","tag-erfahrung","tag-ermdung-syndrom","tag-fatigue-syndrom","tag-garcia","tag-getafe","tag-imo-stiftung","tag-juan-carlos-segovia","tag-krankheit","tag-milgica","tag-nisa","tag-pardo","tag-puerta-de-hierro","tag-quintana","tag-sfc","tag-studium","tag-vilches","et-doesnt-have-format-content","et_post_format-et-post-format-standard"],"_links":{"self":[{"href":"https:\/\/www.best-dentist-dentistry.com\/de\/wp-json\/wp\/v2\/posts\/4213","targetHints":{"allow":["GET"]}}],"collection":[{"href":"https:\/\/www.best-dentist-dentistry.com\/de\/wp-json\/wp\/v2\/posts"}],"about":[{"href":"https:\/\/www.best-dentist-dentistry.com\/de\/wp-json\/wp\/v2\/types\/post"}],"author":[{"embeddable":true,"href":"https:\/\/www.best-dentist-dentistry.com\/de\/wp-json\/wp\/v2\/users\/1"}],"replies":[{"embeddable":true,"href":"https:\/\/www.best-dentist-dentistry.com\/de\/wp-json\/wp\/v2\/comments?post=4213"}],"version-history":[{"count":0,"href":"https:\/\/www.best-dentist-dentistry.com\/de\/wp-json\/wp\/v2\/posts\/4213\/revisions"}],"wp:attachment":[{"href":"https:\/\/www.best-dentist-dentistry.com\/de\/wp-json\/wp\/v2\/media?parent=4213"}],"wp:term":[{"taxonomy":"category","embeddable":true,"href":"https:\/\/www.best-dentist-dentistry.com\/de\/wp-json\/wp\/v2\/categories?post=4213"},{"taxonomy":"post_tag","embeddable":true,"href":"https:\/\/www.best-dentist-dentistry.com\/de\/wp-json\/wp\/v2\/tags?post=4213"}],"curies":[{"name":"wp","href":"https:\/\/api.w.org\/{rel}","templated":true}]}}