{"id":42243,"date":"2014-12-06T04:20:06","date_gmt":"2014-12-06T04:20:06","guid":{"rendered":null},"modified":"-0001-11-30T00:00:00","modified_gmt":"-0001-11-30T00:00:00","slug":"tomas-murcia-new-manager-of-the-area-of-health-ii-cartagena","status":"publish","type":"post","link":"https:\/\/www.best-dentist-dentistry.com\/de\/tomas-murcia-new-manager-of-the-area-of-health-ii-cartagena\/42243","title":{"rendered":"tomas murcia new manager of the area of health ii cartagena"},"content":{"rendered":"<p>&lt;!-Google_ad_section_start&#8211;> <\/p>\n<p>MURCIA, 22 (EUROPA PRESS)<\/p>\n<p class=\"first\"> die Verwaltung im Bereich der Gesundheit IV-Nordwest wird vom aktuellen Direktor ausgegangen, Arzt, Angel Baeza<\/p>\n<p>das Ministerium f\u00fcr Gesundheit und Sozialpolitik, Murcia, durch den Dienst Murciano Gesundheit, r\u00e4t, da\u00df Tom\u00e1s Murcia, Trainer der IV-Nordwest-Gesundheit-Bereich, die Person, wird die Richtung der Gesundheit Bereich II-Cartagena f\u00fchren wird.<\/p>\n<p>Tomas Murcia Deutsch wurde 1964 in Frankreich geboren, studierte in Wirtschaft und Business Studies an der Universit\u00e4t Murcia und seine Karriere wurde in verschiedenen Krankenh\u00e4usern in der Region konsolidiert.<\/p>\n<p>Das erste Ziel der Krankenhaus-Jungfrau von der Burg Yecla, Krankenhaus f\u00fcr die B\u00fcrger der Gesundheitsbereich V-Altiplano war. Dort war er als Leiter der Sektion des Dienstes Besucherzahlen bis zum Jahr 1991. <\/p>\n<p>Zwanzig Jahre lang, von 1991 bis 2011, war in verschiedenen administrativen Positionen an das Krankenhaus klinisch Universitario Virgen De La des Arrixaca, wo er das Amt des Informationsmanagement-Systeme bekleidete.<\/p>\n<p>Von Mai 2011 bis Januar 2013 war Chief Financial Officer bei der Klinik USP San Carlos de Murcia, und bis heute hat das Management den Bereich Gesundheit IV-Nordwest seit Januar 2013 gef\u00fchrt.<\/p>\n<p>Auf diese Weise die Verwaltung f\u00fcr den Bereich Gesundheit IV-Nordwest wird davon ausgegangen vom aktuellen Direktor Arzt, Angel Baeza.<\/p>\n<p>&lt;!-Google_ad_section_end&#8211;><\/p>\n","protected":false},"excerpt":{"rendered":"<p>&lt;!-Google_ad_section_start&#8211;> MURCIA, 22 (EUROPA PRESS) die Verwaltung im Bereich der Gesundheit IV-Nordwest wird vom aktuellen Direktor ausgegangen, Arzt, Angel Baeza das Ministerium f\u00fcr Gesundheit und Sozialpolitik, Murcia, durch den Dienst Murciano Gesundheit, r\u00e4t, da\u00df Tom\u00e1s Murcia, Trainer der IV-Nordwest-Gesundheit-Bereich, die Person, wird die Richtung der Gesundheit Bereich II-Cartagena f\u00fchren wird. Tomas Murcia Deutsch wurde 1964 [&hellip;]<\/p>\n","protected":false},"author":1,"featured_media":0,"comment_status":"close","ping_status":"open","sticky":false,"template":"","format":"standard","meta":{"footnotes":""},"categories":[3],"tags":[],"class_list":["post-42243","post","type-post","status-publish","format-standard","hentry","category-allgemeine","et-doesnt-have-format-content","et_post_format-et-post-format-standard"],"_links":{"self":[{"href":"https:\/\/www.best-dentist-dentistry.com\/de\/wp-json\/wp\/v2\/posts\/42243","targetHints":{"allow":["GET"]}}],"collection":[{"href":"https:\/\/www.best-dentist-dentistry.com\/de\/wp-json\/wp\/v2\/posts"}],"about":[{"href":"https:\/\/www.best-dentist-dentistry.com\/de\/wp-json\/wp\/v2\/types\/post"}],"author":[{"embeddable":true,"href":"https:\/\/www.best-dentist-dentistry.com\/de\/wp-json\/wp\/v2\/users\/1"}],"replies":[{"embeddable":true,"href":"https:\/\/www.best-dentist-dentistry.com\/de\/wp-json\/wp\/v2\/comments?post=42243"}],"version-history":[{"count":0,"href":"https:\/\/www.best-dentist-dentistry.com\/de\/wp-json\/wp\/v2\/posts\/42243\/revisions"}],"wp:attachment":[{"href":"https:\/\/www.best-dentist-dentistry.com\/de\/wp-json\/wp\/v2\/media?parent=42243"}],"wp:term":[{"taxonomy":"category","embeddable":true,"href":"https:\/\/www.best-dentist-dentistry.com\/de\/wp-json\/wp\/v2\/categories?post=42243"},{"taxonomy":"post_tag","embeddable":true,"href":"https:\/\/www.best-dentist-dentistry.com\/de\/wp-json\/wp\/v2\/tags?post=42243"}],"curies":[{"name":"wp","href":"https:\/\/api.w.org\/{rel}","templated":true}]}}