{"id":424,"date":"2012-03-02T11:11:20","date_gmt":"2012-03-02T11:11:20","guid":{"rendered":null},"modified":"2012-03-02T11:11:20","modified_gmt":"2012-03-02T11:11:20","slug":"fundacion-multiapticas-will-donate-glasses-graduated-to-the-most-needy-in-the-centres-of-the-red-cross","status":"publish","type":"post","link":"https:\/\/www.best-dentist-dentistry.com\/de\/fundacion-multiapticas-will-donate-glasses-graduated-to-the-most-needy-in-the-centres-of-the-red-cross\/424","title":{"rendered":"Fundacion Multi\u00f3pticas spendet Gl\u00e4ser absolvierte f\u00fcr die bed\u00fcrftigsten in den Zentren des Roten Kreuzes"},"content":{"rendered":"<p><font   size=\"2\"> <font size=\"3\"> <strong>Multi\u00f3pticas Foundation spendet Gl\u00e4ser absolvierte f\u00fcr die bed\u00fcrftigsten in den Zentren des Roten Kreuzes<\/strong><\/font> <\/p>\n<p>-Der Multi\u00f3pticas-Stiftung, die Initiative der f\u00fchrenden Unternehmen im Bereich &#8220;optische&#8221; in Spanien, unterzeichnete ein Abkommen mit dem spanischen Roten Kreuz, von denen It Mass Auge und Spenden Gl\u00e4ser f\u00fcr die bed\u00fcrftigsten in den Zentren der Institution. <\/p>\n<p><strong>Madrid, September 2011.<\/strong> 95 % Der Spanier glaubte, dass die Ansicht ist das wertvollste Gef\u00fchl, das wir haben, und gibt es noch, die einen visuellen angemessener Gesundheitsversorgung nicht leisten k\u00f6nnen. <\/p>\n<p>Daher die Stiftung Multi\u00f3pticas und spanischen Roten Kreuzes unterzeichneten ein Abkommen f\u00fcr das Personal und Ausr\u00fcstung der Multi\u00f3pticas reist nach Rotkreuz-Zentren zu aus der Sicht derjenigen, die es brauchen, wo werden Sie auch die Spende der entsprechenden Gl\u00e4ser. <br \/> Von \u00c1ngel Alegre Iglesias, Pr\u00e4sident der Multi\u00f3pticas Foundation und Leopoldo P\u00e9rez Su\u00e1rez, Generalsekret\u00e4r des Roten Kreuzes, unterzeichnete Abkommen trug diese optischen Optiker, erstens, nach Barcelona, Ausgangspunkt f\u00fcr eine Tour durch mehrere St\u00e4dte Spanisch. <\/p>\n<p>Er kam, die eine der wichtigsten humanit\u00e4ren Einrichtungen unseres Landes ist, erf\u00fcllt der Multi\u00f3pticas-Stiftung seinen Zweck der Sozialhilfe, die Entwicklungszusammenarbeit und die F\u00f6rderung der Sozialwirtschaft, mit Schwerpunkt auf den Moment der Krise in Aktion auf nationaler Ebene. <\/p>\n<p>Auf diese Weise als sagt der Pr\u00e4sident der Stiftung,  engagiert sich aktiv in Solidarit\u00e4tsma\u00dfnahmen, durch die Bereitstellung von Ressourcen f\u00fcr Sozialprogramme, das rote Kreuz zugunsten der am st\u00e4rksten benachteiligten Gruppen, und insbesondere im Zusammenhang mit Menschen mit Blick in die Probleme entwickelt &#8221;. <\/p>\n<p><strong>&#8226; \u00dcber der Rot-Kreuz-Espa\u00f1ol:<\/strong> 6. Juli 1864 gegr\u00fcndet, ist eine humanit\u00e4re Institution von Freiwilligen und \u00f6ffentlichen Interesse hat unter ihre Zwecke-Verbreitung und Verteidigung der grundlegenden Menschenrechte und Aufmerksamkeit auf Personen und Gruppen in unserer Gesellschaft anf\u00e4lliger, T\u00e4tigkeiten, f\u00fcr die f\u00f6rdert freiwillige Beteiligung freiwilliger und selbstlose Teilnahme nat\u00fcrlicher Personen sowie juristische, \u00f6ffentliche oder private. <\/p>\n<p><strong>&#8226; \u00dcber Multi\u00f3ptico:<\/strong> Multi\u00f3pticas ist das f\u00fchrende Unternehmen in Spanien mit mehr als 30 Jahren Erfahrung in der optischen Dienstleistungen und Audiol\u00f3gicos pr\u00e4ventiven, Korrektur- und \u00e4sthetische Beratung. Multi\u00f3pticas hat ein Netz von mehr als 140, die mehr als 500 optische und 2.000 Mitarbeiter zugeordnet. Mit einer breiten Palette von Produkten der eigenen Multi\u00f3pticas hat den gr\u00f6\u00dften Marktanteil, neben den verst\u00e4rkten Werbung Investitionen im Bereich. Seit immer Multi\u00f3pticas konzentriert er seine Aufmerksamkeit gegen\u00fcber dem Verbraucher eine enge und professionelle Behandlung. <\/p>\n<p><\/font><\/p>\n","protected":false},"excerpt":{"rendered":"<p>Multi\u00f3pticas Foundation spendet Gl\u00e4ser absolvierte f\u00fcr die bed\u00fcrftigsten in den Zentren des Roten Kreuzes -Der Multi\u00f3pticas-Stiftung, die Initiative der f\u00fchrenden Unternehmen im Bereich &#8220;optische&#8221; in Spanien, unterzeichnete ein Abkommen mit dem spanischen Roten Kreuz, von denen It Mass Auge und Spenden Gl\u00e4ser f\u00fcr die bed\u00fcrftigsten in den Zentren der Institution. Madrid, September 2011. 95 % [&hellip;]<\/p>\n","protected":false},"author":1,"featured_media":0,"comment_status":"close","ping_status":"open","sticky":false,"template":"","format":"standard","meta":{"footnotes":""},"categories":[3],"tags":[2896,2897,2892,2895,2900,2893,2899,2894,2898],"class_list":["post-424","post","type-post","status-publish","format-standard","hentry","category-allgemeine","tag-absolvierte","tag-bedrftigsten","tag-fundacion","tag-glser","tag-kreuzes","tag-multipticas","tag-roten","tag-spendet","tag-zentren","et-doesnt-have-format-content","et_post_format-et-post-format-standard"],"_links":{"self":[{"href":"https:\/\/www.best-dentist-dentistry.com\/de\/wp-json\/wp\/v2\/posts\/424","targetHints":{"allow":["GET"]}}],"collection":[{"href":"https:\/\/www.best-dentist-dentistry.com\/de\/wp-json\/wp\/v2\/posts"}],"about":[{"href":"https:\/\/www.best-dentist-dentistry.com\/de\/wp-json\/wp\/v2\/types\/post"}],"author":[{"embeddable":true,"href":"https:\/\/www.best-dentist-dentistry.com\/de\/wp-json\/wp\/v2\/users\/1"}],"replies":[{"embeddable":true,"href":"https:\/\/www.best-dentist-dentistry.com\/de\/wp-json\/wp\/v2\/comments?post=424"}],"version-history":[{"count":0,"href":"https:\/\/www.best-dentist-dentistry.com\/de\/wp-json\/wp\/v2\/posts\/424\/revisions"}],"wp:attachment":[{"href":"https:\/\/www.best-dentist-dentistry.com\/de\/wp-json\/wp\/v2\/media?parent=424"}],"wp:term":[{"taxonomy":"category","embeddable":true,"href":"https:\/\/www.best-dentist-dentistry.com\/de\/wp-json\/wp\/v2\/categories?post=424"},{"taxonomy":"post_tag","embeddable":true,"href":"https:\/\/www.best-dentist-dentistry.com\/de\/wp-json\/wp\/v2\/tags?post=424"}],"curies":[{"name":"wp","href":"https:\/\/api.w.org\/{rel}","templated":true}]}}